{"id":62480,"date":"2025-05-07T00:16:47","date_gmt":"2025-05-07T06:16:47","guid":{"rendered":"https:\/\/politicosaldesnudo.com.mx\/?p=62480"},"modified":"2025-05-07T00:16:47","modified_gmt":"2025-05-07T06:16:47","slug":"circula-posible-variante-de-covid","status":"publish","type":"post","link":"https:\/\/politicosaldesnudo.com.mx\/index.php\/2025\/05\/07\/circula-posible-variante-de-covid\/","title":{"rendered":"Circula posible variante de Covid"},"content":{"rendered":"<p>Un repunte significativo en los casos de enfermedades respiratorias se ha registrado en los \u00faltimos d\u00edas en Tuxpan y municipios aleda\u00f1os. Los s\u00edntomas m\u00e1s frecuentes entre la poblaci\u00f3n incluyen congesti\u00f3n nasal, dolor de garganta, fiebre, tos seca, malestar general y dolores musculares, en muchos casos confundidos inicialmente con un resfriado com\u00fan.<\/p>\n<p>Consultorios particulares y unidades m\u00e9dicas de farmacias gen\u00e9ricas reportan estar trabajando a su m\u00e1xima capacidad, con decenas de pacientes que acuden buscando atenci\u00f3n m\u00e9dica.<\/p>\n<p>\u201cEstamos viendo un patr\u00f3n repetitivo en los pacientes: s\u00edntomas intensos y de r\u00e1pida aparici\u00f3n. Muchos presentan fiebre alta, p\u00e9rdida del apetito y malestar general fuerte\u201d, coment\u00f3 la doctora Laura Hern\u00e1ndez, m\u00e9dico general de una cadena farmac\u00e9utica. \u201cNo se puede descartar que se trate de una variante del COVID-19 se est\u00e1n enviando a los pacientes a realizarse las pruebas\u00bb expuso.<\/p>\n<p>Vecinos de colonias como La Barra, Zapote Gordo y la Ruiz Cortines han expresado su preocupaci\u00f3n, ya que varios integrantes de familias completas han enfermado con los mismos s\u00edntomas en cuesti\u00f3n de d\u00edas, lo que indica una alta transmisibilidad.<\/p>\n<p>Aunque no hay confirmaci\u00f3n oficial, algunos especialistas del sector salud sugieren que se podr\u00edan estar enfrentando a una variante del coronavirus, posiblemente una subvariante de \u00d3micron, conocida por su facilidad de contagio, pero de baja letalidad en personas<\/p>\n<p>Por su parte, la Jurisdicci\u00f3n Sanitaria n\u00famero II no ha emitido hasta el momento informaci\u00f3n oficial.<\/p>\n","protected":false},"excerpt":{"rendered":"<p>Un repunte significativo en los casos de enfermedades respiratorias se ha registrado en los \u00faltimos d\u00edas en Tuxpan y municipios<\/p>\n","protected":false},"author":4,"featured_media":62481,"comment_status":"closed","ping_status":"closed","sticky":false,"template":"","format":"standard","meta":{"colormag_page_container_layout":"default_layout","colormag_page_sidebar_layout":"default_layout","_jetpack_memberships_contains_paid_content":false,"footnotes":"","jetpack_publicize_message":"","jetpack_publicize_feature_enabled":true,"jetpack_social_post_already_shared":false,"jetpack_social_options":{"image_generator_settings":{"template":"highway","default_image_id":0,"font":"","enabled":false},"version":2}},"categories":[1082],"tags":[],"class_list":["post-62480","post","type-post","status-publish","format-standard","has-post-thumbnail","hentry","category-tuxpan"],"jetpack_publicize_connections":[],"jetpack_featured_media_url":"https:\/\/i0.wp.com\/politicosaldesnudo.com.mx\/wp-content\/uploads\/2025\/05\/3b1.jpg?fit=1080%2C498&ssl=1","jetpack-related-posts":[],"jetpack_sharing_enabled":true,"_links":{"self":[{"href":"https:\/\/politicosaldesnudo.com.mx\/index.php\/wp-json\/wp\/v2\/posts\/62480","targetHints":{"allow":["GET"]}}],"collection":[{"href":"https:\/\/politicosaldesnudo.com.mx\/index.php\/wp-json\/wp\/v2\/posts"}],"about":[{"href":"https:\/\/politicosaldesnudo.com.mx\/index.php\/wp-json\/wp\/v2\/types\/post"}],"author":[{"embeddable":true,"href":"https:\/\/politicosaldesnudo.com.mx\/index.php\/wp-json\/wp\/v2\/users\/4"}],"replies":[{"embeddable":true,"href":"https:\/\/politicosaldesnudo.com.mx\/index.php\/wp-json\/wp\/v2\/comments?post=62480"}],"version-history":[{"count":0,"href":"https:\/\/politicosaldesnudo.com.mx\/index.php\/wp-json\/wp\/v2\/posts\/62480\/revisions"}],"wp:featuredmedia":[{"embeddable":true,"href":"https:\/\/politicosaldesnudo.com.mx\/index.php\/wp-json\/wp\/v2\/media\/62481"}],"wp:attachment":[{"href":"https:\/\/politicosaldesnudo.com.mx\/index.php\/wp-json\/wp\/v2\/media?parent=62480"}],"wp:term":[{"taxonomy":"category","embeddable":true,"href":"https:\/\/politicosaldesnudo.com.mx\/index.php\/wp-json\/wp\/v2\/categories?post=62480"},{"taxonomy":"post_tag","embeddable":true,"href":"https:\/\/politicosaldesnudo.com.mx\/index.php\/wp-json\/wp\/v2\/tags?post=62480"}],"curies":[{"name":"wp","href":"https:\/\/api.w.org\/{rel}","templated":true}]}}