{"id":62483,"date":"2025-05-07T00:17:57","date_gmt":"2025-05-07T06:17:57","guid":{"rendered":"https:\/\/politicosaldesnudo.com.mx\/?p=62483"},"modified":"2025-05-07T00:17:57","modified_gmt":"2025-05-07T06:17:57","slug":"a-la-alza-los-incendios","status":"publish","type":"post","link":"https:\/\/politicosaldesnudo.com.mx\/index.php\/2025\/05\/07\/a-la-alza-los-incendios\/","title":{"rendered":"A la alza, los incendios"},"content":{"rendered":"<p>La incansable labor de los Bomberos y Protecci\u00f3n Civil se ha intensificado de manera alarmante debido a un considerable aumento en la incidencia de incendios, as\u00ed lo inform\u00f3 el director de Protecci\u00f3n Civil, Ren\u00e9 T\u00e9llez, destacando el esfuerzo sobrehumano que realizan los elementos para atender las emergencias las 24 horas del d\u00eda, los siete d\u00edas de la semana.<\/p>\n<p>Destac\u00f3 que la corporaci\u00f3n cuenta con un total de 42 elementos de Protecci\u00f3n Civil, distribuidos en dos guardias, quienes se encuentran trabajando arduamente para brindar atenci\u00f3n oportuna a la poblaci\u00f3n, la magnitud de la situaci\u00f3n ha llevado en ocasiones a que estos servidores p\u00fablicos tengan que doblar turnos, demostrando su compromiso inquebrantable con la seguridad de la comunidad tuxpe\u00f1a.<\/p>\n<p>Ante este panorama cr\u00edtico, la Direcci\u00f3n de Protecci\u00f3n Civil hizo un en\u00e9rgico llamado a la ciudadan\u00eda para que evite la quema de basura y las quemas agr\u00edcolas, enfatiz\u00f3 el alto riesgo que estas pr\u00e1cticas representan, ilustr\u00e1ndolo con un reciente incidente donde el descuido de un propietario de un predio estuvo a punto de desencadenar una tragedia cerca de una escuela, adem\u00e1s de ocasionar un accidente vial, este ejemplo sirve como un crudo recordatorio de las graves consecuencias que pueden derivarse de acciones aparentemente inofensivas.<\/p>\n<p>Es importante destacar que, si bien Protecci\u00f3n Civil y el cuerpo de Bomberos no tienen la facultad de imponer sanciones directas, s\u00ed est\u00e1n llevando un registro detallado de las incidencias provocadas por estas pr\u00e1cticas irresponsables, para posteriormente, estos reportes sean turnados a las autoridades competentes, espec\u00edficamente a la direcci\u00f3n de Ecolog\u00eda y a la polic\u00eda, quienes son las encargadas de aplicar las multas y sanciones correspondientes a quienes pongan en riesgo la seguridad y el bienestar de la comunidad.<\/p>\n<p>La situaci\u00f3n actual exige una colaboraci\u00f3n estrecha entre las autoridades y la ciudadan\u00eda, la prevenci\u00f3n es la herramienta m\u00e1s eficaz para evitar incendios y aliviar la pesada carga que actualmente soportan los bomberos, un acto de conciencia por parte de cada ciudadano puede marcar la diferencia y contribuir a un entorno m\u00e1s seguro para todos.<\/p>\n","protected":false},"excerpt":{"rendered":"<p>La incansable labor de los Bomberos y Protecci\u00f3n Civil se ha intensificado de manera alarmante debido a un considerable aumento<\/p>\n","protected":false},"author":4,"featured_media":62484,"comment_status":"closed","ping_status":"closed","sticky":false,"template":"","format":"standard","meta":{"colormag_page_container_layout":"default_layout","colormag_page_sidebar_layout":"default_layout","_jetpack_memberships_contains_paid_content":false,"footnotes":"","jetpack_publicize_message":"","jetpack_publicize_feature_enabled":true,"jetpack_social_post_already_shared":false,"jetpack_social_options":{"image_generator_settings":{"template":"highway","default_image_id":0,"font":"","enabled":false},"version":2}},"categories":[1082],"tags":[],"class_list":["post-62483","post","type-post","status-publish","format-standard","has-post-thumbnail","hentry","category-tuxpan"],"jetpack_publicize_connections":[],"jetpack_featured_media_url":"https:\/\/i0.wp.com\/politicosaldesnudo.com.mx\/wp-content\/uploads\/2025\/05\/5a.jpg?fit=1280%2C580&ssl=1","jetpack-related-posts":[],"jetpack_sharing_enabled":true,"_links":{"self":[{"href":"https:\/\/politicosaldesnudo.com.mx\/index.php\/wp-json\/wp\/v2\/posts\/62483","targetHints":{"allow":["GET"]}}],"collection":[{"href":"https:\/\/politicosaldesnudo.com.mx\/index.php\/wp-json\/wp\/v2\/posts"}],"about":[{"href":"https:\/\/politicosaldesnudo.com.mx\/index.php\/wp-json\/wp\/v2\/types\/post"}],"author":[{"embeddable":true,"href":"https:\/\/politicosaldesnudo.com.mx\/index.php\/wp-json\/wp\/v2\/users\/4"}],"replies":[{"embeddable":true,"href":"https:\/\/politicosaldesnudo.com.mx\/index.php\/wp-json\/wp\/v2\/comments?post=62483"}],"version-history":[{"count":0,"href":"https:\/\/politicosaldesnudo.com.mx\/index.php\/wp-json\/wp\/v2\/posts\/62483\/revisions"}],"wp:featuredmedia":[{"embeddable":true,"href":"https:\/\/politicosaldesnudo.com.mx\/index.php\/wp-json\/wp\/v2\/media\/62484"}],"wp:attachment":[{"href":"https:\/\/politicosaldesnudo.com.mx\/index.php\/wp-json\/wp\/v2\/media?parent=62483"}],"wp:term":[{"taxonomy":"category","embeddable":true,"href":"https:\/\/politicosaldesnudo.com.mx\/index.php\/wp-json\/wp\/v2\/categories?post=62483"},{"taxonomy":"post_tag","embeddable":true,"href":"https:\/\/politicosaldesnudo.com.mx\/index.php\/wp-json\/wp\/v2\/tags?post=62483"}],"curies":[{"name":"wp","href":"https:\/\/api.w.org\/{rel}","templated":true}]}}