{"id":62489,"date":"2025-05-07T00:19:47","date_gmt":"2025-05-07T06:19:47","guid":{"rendered":"https:\/\/politicosaldesnudo.com.mx\/?p=62489"},"modified":"2025-05-07T00:19:47","modified_gmt":"2025-05-07T06:19:47","slug":"aumentan-precios-de-las-flores","status":"publish","type":"post","link":"https:\/\/politicosaldesnudo.com.mx\/index.php\/2025\/05\/07\/aumentan-precios-de-las-flores\/","title":{"rendered":"Aumentan precios de las flores"},"content":{"rendered":"<p>Con la llegada del D\u00eda de las Madres, uno de los festejos m\u00e1s importantes del a\u00f1o en M\u00e9xico, el precio de las flores ha comenzado a registrar un incremento que oscila entre el 10 y hasta el 20 por ciento, dependiendo del tipo de flor y el lugar donde se adquiera.<\/p>\n<p>De acuerdo con comerciantes locales, este aumento es una tendencia habitual en estas fechas debido a la alta demanda, el costo del transporte y la adquisici\u00f3n anticipada de grandes vol\u00famenes de flores. \u201cAlgunas flores como las rosas y los girasoles son las m\u00e1s solicitadas y por eso tienden a encarecerse m\u00e1s, especialmente el 9 y 10 de mayo\u201d, coment\u00f3 una florista del centro de Tuxpan.<\/p>\n<p>A pesar del alza en los precios, los due\u00f1os de florer\u00edas mantienen buenas expectativas de venta para este 10 de mayo, ya que muchas familias acostumbran a regalar arreglos florales como muestra de amor y agradecimiento.<\/p>\n<p>\u201cSabemos que el costo sube un poco, pero la gente no deja de venir. Es una tradici\u00f3n muy arraigada y se preparan con tiempo para sorprender a sus mam\u00e1s\u201d, a\u00f1adieron comerciantes.<\/p>\n<p>El llamado para los consumidores es a comprar con anticipaci\u00f3n, comparar precios y apoyar el comercio local. Asimismo, las florer\u00edas del municipio est\u00e1n ofreciendo promociones y arreglos personalizados para todos los presupuestos.<\/p>\n<p>Se prev\u00e9 que los mayores picos de venta se den desde la noche del 9 de mayo hasta el mediod\u00eda del 10, por lo que los comerciantes recomiendan planear las compras con tiempo para evitar largas filas y desabasto.<\/p>\n","protected":false},"excerpt":{"rendered":"<p>Con la llegada del D\u00eda de las Madres, uno de los festejos m\u00e1s importantes del a\u00f1o en M\u00e9xico, el precio<\/p>\n","protected":false},"author":4,"featured_media":62490,"comment_status":"closed","ping_status":"closed","sticky":false,"template":"","format":"standard","meta":{"colormag_page_container_layout":"default_layout","colormag_page_sidebar_layout":"default_layout","_jetpack_memberships_contains_paid_content":false,"footnotes":"","jetpack_publicize_message":"","jetpack_publicize_feature_enabled":true,"jetpack_social_post_already_shared":false,"jetpack_social_options":{"image_generator_settings":{"template":"highway","default_image_id":0,"font":"","enabled":false},"version":2}},"categories":[1082],"tags":[],"class_list":["post-62489","post","type-post","status-publish","format-standard","has-post-thumbnail","hentry","category-tuxpan"],"jetpack_publicize_connections":[],"jetpack_featured_media_url":"https:\/\/i0.wp.com\/politicosaldesnudo.com.mx\/wp-content\/uploads\/2025\/05\/3c2.jpg?fit=1079%2C1600&ssl=1","jetpack-related-posts":[],"jetpack_sharing_enabled":true,"_links":{"self":[{"href":"https:\/\/politicosaldesnudo.com.mx\/index.php\/wp-json\/wp\/v2\/posts\/62489","targetHints":{"allow":["GET"]}}],"collection":[{"href":"https:\/\/politicosaldesnudo.com.mx\/index.php\/wp-json\/wp\/v2\/posts"}],"about":[{"href":"https:\/\/politicosaldesnudo.com.mx\/index.php\/wp-json\/wp\/v2\/types\/post"}],"author":[{"embeddable":true,"href":"https:\/\/politicosaldesnudo.com.mx\/index.php\/wp-json\/wp\/v2\/users\/4"}],"replies":[{"embeddable":true,"href":"https:\/\/politicosaldesnudo.com.mx\/index.php\/wp-json\/wp\/v2\/comments?post=62489"}],"version-history":[{"count":0,"href":"https:\/\/politicosaldesnudo.com.mx\/index.php\/wp-json\/wp\/v2\/posts\/62489\/revisions"}],"wp:featuredmedia":[{"embeddable":true,"href":"https:\/\/politicosaldesnudo.com.mx\/index.php\/wp-json\/wp\/v2\/media\/62490"}],"wp:attachment":[{"href":"https:\/\/politicosaldesnudo.com.mx\/index.php\/wp-json\/wp\/v2\/media?parent=62489"}],"wp:term":[{"taxonomy":"category","embeddable":true,"href":"https:\/\/politicosaldesnudo.com.mx\/index.php\/wp-json\/wp\/v2\/categories?post=62489"},{"taxonomy":"post_tag","embeddable":true,"href":"https:\/\/politicosaldesnudo.com.mx\/index.php\/wp-json\/wp\/v2\/tags?post=62489"}],"curies":[{"name":"wp","href":"https:\/\/api.w.org\/{rel}","templated":true}]}}