{"id":62504,"date":"2025-05-07T00:38:45","date_gmt":"2025-05-07T06:38:45","guid":{"rendered":"https:\/\/politicosaldesnudo.com.mx\/?p=62504"},"modified":"2025-05-07T00:38:45","modified_gmt":"2025-05-07T06:38:45","slug":"marcelo-ebrard-se-reune-con-altos-funcionarios-de-comercio-de-eu","status":"publish","type":"post","link":"https:\/\/politicosaldesnudo.com.mx\/index.php\/2025\/05\/07\/marcelo-ebrard-se-reune-con-altos-funcionarios-de-comercio-de-eu\/","title":{"rendered":"Marcelo Ebrard se re\u00fane con altos funcionarios de comercio de EU"},"content":{"rendered":"<div id=\"article-content-tts\" class=\"nota-contenido mb-5\">\n<div id=\"content_nitf\">\n<p>Marcelo Ebrard Casaub\u00f3n, secretario de Econom\u00eda, se reuni\u00f3 en Estados Unidos con altos funcionarios en materia de comercio de aquel pa\u00eds, seg\u00fan inform\u00f3 por medio de sus redes sociales, donde aprovech\u00f3 para reiterar el liderazgo de la presidenta Claudia Sheinbaum.<\/p>\n<p>A trav\u00e9s de X, antes Twitter, el funcionario difundi\u00f3 un par de publicaciones, con la misma fotograf\u00eda, en la cual se ve su ingreso a la luz de d\u00eda a un edificio donde asegura sostuvo su \u201creuni\u00f3n semanal\u201d con Howard Lutnick, secretario de Comercio y con Jameison Greer, representante del comercio de los Estados Unidos.<\/p>\n<p>\u201cEntrando a reuni\u00f3n con Howard Lutnick, Secretario de Comercio y Jameison Greer (USTR) Muy cordial y productivo encuentro, vamos a estar bien con el liderazgo de la presidenta Claudia Sheinbaum\u201d, dice la primera publicaci\u00f3n del funcionario hecha a las 8:04 p.m.<\/p>\n<p>En la segunda, hecha a las 8:18 p.m Ebrard Casaub\u00f3n se\u00f1al\u00f3: \u201cEntrando a reuni\u00f3n semanal con Howard Lutnick, secretario de Comercio y Jameison Greer, representante de Comercio de los Estados Unidos (USTR). Hemos construido una muy buena relaci\u00f3n personal y de trabajo, vamos avanzando\u201d.<\/p>\n<p>El funcionario no especific\u00f3 cu\u00e1les fueron los temas que trat\u00f3 con sus hom\u00f3logos estadunidenses; sin embargo, se dan en un momento en el que M\u00e9xico a\u00fan enfrenta aranceles en acero, aluminio, autos y pr\u00f3ximamente en jitomates.<\/p>\n<p>Las reuniones de Ebrard con los funcionarios de Estados Unidos han sido constantes, y aunque la Secretar\u00eda de Econom\u00eda no ha informado sobre los avances concretos de \u00e9stas, Ebrard ha dicho en m\u00faltiples ocasiones que \u201cel objetivo es continuar con el di\u00e1logo y las negociaciones comerciales entre M\u00e9xico y Estados Unidos\u201d.<\/p>\n<\/div>\n<\/div>\n<div class=\"notas-relacionadas\"><\/div>\n<div class=\"nota-tags\"><\/div>\n","protected":false},"excerpt":{"rendered":"<p>Marcelo Ebrard Casaub\u00f3n, secretario de Econom\u00eda, se reuni\u00f3 en Estados Unidos con altos funcionarios en materia de comercio de aquel<\/p>\n","protected":false},"author":4,"featured_media":62505,"comment_status":"closed","ping_status":"closed","sticky":false,"template":"","format":"standard","meta":{"colormag_page_container_layout":"default_layout","colormag_page_sidebar_layout":"default_layout","_jetpack_memberships_contains_paid_content":false,"footnotes":"","jetpack_publicize_message":"","jetpack_publicize_feature_enabled":true,"jetpack_social_post_already_shared":false,"jetpack_social_options":{"image_generator_settings":{"template":"highway","default_image_id":0,"font":"","enabled":false},"version":2}},"categories":[2050],"tags":[],"class_list":["post-62504","post","type-post","status-publish","format-standard","has-post-thumbnail","hentry","category-economia"],"jetpack_publicize_connections":[],"jetpack_featured_media_url":"https:\/\/i0.wp.com\/politicosaldesnudo.com.mx\/wp-content\/uploads\/2025\/05\/LAEB.jpg?fit=722%2C539&ssl=1","jetpack-related-posts":[],"jetpack_sharing_enabled":true,"_links":{"self":[{"href":"https:\/\/politicosaldesnudo.com.mx\/index.php\/wp-json\/wp\/v2\/posts\/62504","targetHints":{"allow":["GET"]}}],"collection":[{"href":"https:\/\/politicosaldesnudo.com.mx\/index.php\/wp-json\/wp\/v2\/posts"}],"about":[{"href":"https:\/\/politicosaldesnudo.com.mx\/index.php\/wp-json\/wp\/v2\/types\/post"}],"author":[{"embeddable":true,"href":"https:\/\/politicosaldesnudo.com.mx\/index.php\/wp-json\/wp\/v2\/users\/4"}],"replies":[{"embeddable":true,"href":"https:\/\/politicosaldesnudo.com.mx\/index.php\/wp-json\/wp\/v2\/comments?post=62504"}],"version-history":[{"count":0,"href":"https:\/\/politicosaldesnudo.com.mx\/index.php\/wp-json\/wp\/v2\/posts\/62504\/revisions"}],"wp:featuredmedia":[{"embeddable":true,"href":"https:\/\/politicosaldesnudo.com.mx\/index.php\/wp-json\/wp\/v2\/media\/62505"}],"wp:attachment":[{"href":"https:\/\/politicosaldesnudo.com.mx\/index.php\/wp-json\/wp\/v2\/media?parent=62504"}],"wp:term":[{"taxonomy":"category","embeddable":true,"href":"https:\/\/politicosaldesnudo.com.mx\/index.php\/wp-json\/wp\/v2\/categories?post=62504"},{"taxonomy":"post_tag","embeddable":true,"href":"https:\/\/politicosaldesnudo.com.mx\/index.php\/wp-json\/wp\/v2\/tags?post=62504"}],"curies":[{"name":"wp","href":"https:\/\/api.w.org\/{rel}","templated":true}]}}