{"id":62579,"date":"2025-05-08T00:10:00","date_gmt":"2025-05-08T06:10:00","guid":{"rendered":"https:\/\/politicosaldesnudo.com.mx\/?p=62579"},"modified":"2025-05-07T21:27:10","modified_gmt":"2025-05-08T03:27:10","slug":"anunciare-un-importante-acuerdo-comercial-trump","status":"publish","type":"post","link":"https:\/\/politicosaldesnudo.com.mx\/index.php\/2025\/05\/08\/anunciare-un-importante-acuerdo-comercial-trump\/","title":{"rendered":"Anunciar\u00e9 un importante acuerdo comercial: Trump"},"content":{"rendered":"<p class=\"nota-justify\">El presidente de Estados Unidos, Donald Trump, dijo que anunciar\u00eda un \u201cimportante acuerdo comercial\u201d el jueves con un \u201cpa\u00eds grande y muy respetado\u201d.<\/p>\n<p class=\"nota-justify\">En una publicaci\u00f3n en su plataforma Truth Social este mi\u00e9rcoles, Trump dijo que anunciar\u00eda el acuerdo en una conferencia de prensa en la Casa Blanca a las 10:00 horas locales (14:00 GMT). No identific\u00f3 al pa\u00eds implicado.<\/p>\n<p class=\"nota-justify\">Se trata del \u201cprimero de muchos\u201d acuerdos, adelant\u00f3 el republicano.<\/p>\n<p class=\"nota-justify\">La agencia\u00a0<i>The Independent\u00a0<\/i>cit\u00f3 un informe se\u00f1alando que el acuerdo que se anunciar\u00e1 ser\u00e1 con Reino Unido.<\/p>\n<p class=\"nota-justify\">El Reino Unido ha estado en conversaciones con la administraci\u00f3n Trump como parte de un intento por llegar a un acuerdo sobre una exenci\u00f3n de los aranceles, que est\u00e1n causando estragos en la econom\u00eda global.<\/p>\n<p class=\"nota-justify\">Desde su regreso a la Casa Blanca en enero, Trump lanz\u00f3 una andanada de aranceles a los socios comerciales de Estados Unidos e impuso nuevas tarifas aduaneras de hasta 145 por ciento para muchas importaciones chinas.<\/p>\n<p class=\"nota-justify\">Est\u00e1 previsto que este fin de semana, altos cargos chinos y estadunidenses se re\u00fanan en Suiza para sentar las bases de una negociaci\u00f3n.<\/p>\n","protected":false},"excerpt":{"rendered":"<p>El presidente de Estados Unidos, Donald Trump, dijo que anunciar\u00eda un \u201cimportante acuerdo comercial\u201d el jueves con un \u201cpa\u00eds grande<\/p>\n","protected":false},"author":4,"featured_media":62580,"comment_status":"closed","ping_status":"closed","sticky":false,"template":"","format":"standard","meta":{"colormag_page_container_layout":"default_layout","colormag_page_sidebar_layout":"default_layout","_jetpack_memberships_contains_paid_content":false,"footnotes":"","jetpack_publicize_message":"","jetpack_publicize_feature_enabled":true,"jetpack_social_post_already_shared":false,"jetpack_social_options":{"image_generator_settings":{"template":"highway","default_image_id":0,"font":"","enabled":false},"version":2}},"categories":[2050],"tags":[],"class_list":["post-62579","post","type-post","status-publish","format-standard","has-post-thumbnail","hentry","category-economia"],"jetpack_publicize_connections":[],"jetpack_featured_media_url":"https:\/\/i0.wp.com\/politicosaldesnudo.com.mx\/wp-content\/uploads\/2025\/05\/tru.jpg?fit=773%2C491&ssl=1","jetpack-related-posts":[],"jetpack_sharing_enabled":true,"_links":{"self":[{"href":"https:\/\/politicosaldesnudo.com.mx\/index.php\/wp-json\/wp\/v2\/posts\/62579","targetHints":{"allow":["GET"]}}],"collection":[{"href":"https:\/\/politicosaldesnudo.com.mx\/index.php\/wp-json\/wp\/v2\/posts"}],"about":[{"href":"https:\/\/politicosaldesnudo.com.mx\/index.php\/wp-json\/wp\/v2\/types\/post"}],"author":[{"embeddable":true,"href":"https:\/\/politicosaldesnudo.com.mx\/index.php\/wp-json\/wp\/v2\/users\/4"}],"replies":[{"embeddable":true,"href":"https:\/\/politicosaldesnudo.com.mx\/index.php\/wp-json\/wp\/v2\/comments?post=62579"}],"version-history":[{"count":0,"href":"https:\/\/politicosaldesnudo.com.mx\/index.php\/wp-json\/wp\/v2\/posts\/62579\/revisions"}],"wp:featuredmedia":[{"embeddable":true,"href":"https:\/\/politicosaldesnudo.com.mx\/index.php\/wp-json\/wp\/v2\/media\/62580"}],"wp:attachment":[{"href":"https:\/\/politicosaldesnudo.com.mx\/index.php\/wp-json\/wp\/v2\/media?parent=62579"}],"wp:term":[{"taxonomy":"category","embeddable":true,"href":"https:\/\/politicosaldesnudo.com.mx\/index.php\/wp-json\/wp\/v2\/categories?post=62579"},{"taxonomy":"post_tag","embeddable":true,"href":"https:\/\/politicosaldesnudo.com.mx\/index.php\/wp-json\/wp\/v2\/tags?post=62579"}],"curies":[{"name":"wp","href":"https:\/\/api.w.org\/{rel}","templated":true}]}}