{"id":62591,"date":"2025-05-08T00:14:38","date_gmt":"2025-05-08T06:14:38","guid":{"rendered":"https:\/\/politicosaldesnudo.com.mx\/?p=62591"},"modified":"2025-05-07T21:40:44","modified_gmt":"2025-05-08T03:40:44","slug":"nombran-a-manuel-gonzalez-como-nuevo-director-del-cereso-de-merida","status":"publish","type":"post","link":"https:\/\/politicosaldesnudo.com.mx\/index.php\/2025\/05\/08\/nombran-a-manuel-gonzalez-como-nuevo-director-del-cereso-de-merida\/","title":{"rendered":"Nombran a Manuel Gonz\u00e1lez como nuevo director del Cereso de M\u00e9rida"},"content":{"rendered":"<p class=\"nota-justify\">Antonio Manuel Gonz\u00e1lez Zetina fue nombrado hoy como nuevo director del Centro de Reinserci\u00f3n Social (Cereso) de M\u00e9rida, en sustituci\u00f3n de Francisco Brito Herrera, fallecido el pasado 27 de abril, seg\u00fan un comunicado oficial.<\/p>\n<p class=\"nota-justify\">Gonz\u00e1lez Zetina estaba como director interino hasta que el mandatario, Joaqu\u00edn D\u00edaz Mena, le dio el nombramiento oficial.<\/p>\n<p class=\"nota-justify\">Desde 1995 forma parte del equipo del Centro de Reinserci\u00f3n Social de M\u00e9rida, donde trabaj\u00f3 junto con Francisco Brito, y desde 1996 ejerci\u00f3 como subdirector del Cereso.<\/p>\n<p class=\"nota-justify\">De tal forma, se pretende dar continuidad al trabajo que desempe\u00f1\u00f3 Brito Herrera, quien estuvo al frente del penal de M\u00e9rida por casi 30 a\u00f1os; el Cereso de la capital yucateca es el m\u00e1s grande en capacidad (alberga a m\u00e1s de mil 200 internos) de los tres que funcionan en Yucat\u00e1n. Los otros dos se localizan en los municipios de Valladolid y Tekax, al oriente y al sur de la entidad.<\/p>\n<p class=\"nota-justify\">A las familias de las personas privadas de su libertad, al personal del Centro de Reinserci\u00f3n y a la sociedad en general, el gobernador les reiter\u00f3 que su gobierno trabajar\u00e1 para que el legado de Brito Herrera contin\u00fae y para que cada paso dado est\u00e9 guiado por el principio de justicia verdadera.<\/p>\n<p class=\"nota-justify\">El nuevo director de este penal es egresado del Instituto Tecnol\u00f3gico de M\u00e9rida, como t\u00e9cnico en M\u00e1quinas y Herramientas; tiene tambi\u00e9n t\u00edtulo de licenciado en Docencia Tecnol\u00f3gica y cuenta con capacitaci\u00f3n especializada en derechos humanos y atenci\u00f3n penitenciaria.<\/p>\n","protected":false},"excerpt":{"rendered":"<p>Antonio Manuel Gonz\u00e1lez Zetina fue nombrado hoy como nuevo director del Centro de Reinserci\u00f3n Social (Cereso) de M\u00e9rida, en sustituci\u00f3n<\/p>\n","protected":false},"author":4,"featured_media":62592,"comment_status":"closed","ping_status":"closed","sticky":false,"template":"","format":"standard","meta":{"colormag_page_container_layout":"default_layout","colormag_page_sidebar_layout":"default_layout","_jetpack_memberships_contains_paid_content":false,"footnotes":"","jetpack_publicize_message":"","jetpack_publicize_feature_enabled":true,"jetpack_social_post_already_shared":false,"jetpack_social_options":{"image_generator_settings":{"template":"highway","default_image_id":0,"font":"","enabled":false},"version":2}},"categories":[30],"tags":[],"class_list":["post-62591","post","type-post","status-publish","format-standard","has-post-thumbnail","hentry","category-estados"],"jetpack_publicize_connections":[],"jetpack_featured_media_url":"https:\/\/i0.wp.com\/politicosaldesnudo.com.mx\/wp-content\/uploads\/2025\/05\/meri.jpg?fit=779%2C518&ssl=1","jetpack-related-posts":[],"jetpack_sharing_enabled":true,"_links":{"self":[{"href":"https:\/\/politicosaldesnudo.com.mx\/index.php\/wp-json\/wp\/v2\/posts\/62591","targetHints":{"allow":["GET"]}}],"collection":[{"href":"https:\/\/politicosaldesnudo.com.mx\/index.php\/wp-json\/wp\/v2\/posts"}],"about":[{"href":"https:\/\/politicosaldesnudo.com.mx\/index.php\/wp-json\/wp\/v2\/types\/post"}],"author":[{"embeddable":true,"href":"https:\/\/politicosaldesnudo.com.mx\/index.php\/wp-json\/wp\/v2\/users\/4"}],"replies":[{"embeddable":true,"href":"https:\/\/politicosaldesnudo.com.mx\/index.php\/wp-json\/wp\/v2\/comments?post=62591"}],"version-history":[{"count":0,"href":"https:\/\/politicosaldesnudo.com.mx\/index.php\/wp-json\/wp\/v2\/posts\/62591\/revisions"}],"wp:featuredmedia":[{"embeddable":true,"href":"https:\/\/politicosaldesnudo.com.mx\/index.php\/wp-json\/wp\/v2\/media\/62592"}],"wp:attachment":[{"href":"https:\/\/politicosaldesnudo.com.mx\/index.php\/wp-json\/wp\/v2\/media?parent=62591"}],"wp:term":[{"taxonomy":"category","embeddable":true,"href":"https:\/\/politicosaldesnudo.com.mx\/index.php\/wp-json\/wp\/v2\/categories?post=62591"},{"taxonomy":"post_tag","embeddable":true,"href":"https:\/\/politicosaldesnudo.com.mx\/index.php\/wp-json\/wp\/v2\/tags?post=62591"}],"curies":[{"name":"wp","href":"https:\/\/api.w.org\/{rel}","templated":true}]}}