{"id":62612,"date":"2025-05-07T22:54:41","date_gmt":"2025-05-08T04:54:41","guid":{"rendered":"https:\/\/politicosaldesnudo.com.mx\/?p=62612"},"modified":"2025-05-07T22:54:41","modified_gmt":"2025-05-08T04:54:41","slug":"justicia-imparcial","status":"publish","type":"post","link":"https:\/\/politicosaldesnudo.com.mx\/index.php\/2025\/05\/07\/justicia-imparcial\/","title":{"rendered":"\u00bfJUSTICIA IMPARCIAL?"},"content":{"rendered":"<p>D\u00eda a d\u00eda existen m\u00e1s evidencias y, los \u00faltimos acontecimientos as\u00ed lo demuestran, que el segundo piso de la Cuarta Transformaci\u00f3n de la Rep\u00fablica no respeta la independencia y autonom\u00eda del Poder Judicial Federal, consecuentemente y por ello la Presidenta Constitucional no podr\u00e1 hablar de una genuina y leg\u00edtima separaci\u00f3n de poderes.<\/p>\n<p>La Primera Magistrada de la Naci\u00f3n con su verbo y actuar pretende obtener una sumisi\u00f3n te\u00f3rica del Poder Judicial Federal hacia su gobernanza, ello es evidente con la exhortaci\u00f3n que cotidianamente efect\u00faa para que se vote por jueces, magistrados y ministros de la Suprema Corte de Justicia de la Naci\u00f3n, sin que exista ning\u00fan tipo de engranaje de autoprotecci\u00f3n para ese poder que representa a la justicia; para dicha estadista solo el sufragio es lo \u00f3ptimo para esa disgregaci\u00f3n de potestades.<\/p>\n<p>Con ese voto, el cu\u00e1l solicita la Presidenta Constitucional, los favorecidos s\u00f3lo esperan se les impongan determinadas directrices para impartir justicia y lamentablemente esos criterios les ser\u00e1n impuestos por aquellos partidos pol\u00edticos que los postularon.<\/p>\n<p>Por otra parte, con esa exhortaci\u00f3n o invitaci\u00f3n al sufragio, los postulantes no esperamos que se imparta de manera imparcial esa justicia que M\u00e9xico merece; lo indispensable ser\u00eda describir y regular los mecanismos de protecci\u00f3n para hacer efectiva esa independencia judicial, s\u00f3lo as\u00ed adquirir\u00eda sentido esa llamada a sufragar.<\/p>\n<p>Son muchos los togados que expresan que esa Reforma Judicial que ahora obliga al voto para seleccionar a jueces, magistrados y ministros, es la historia de una ilusi\u00f3n desvanecida, la cual no llevar\u00e1 a sanear nuestros recintos de impartici\u00f3n de justicia de tanta corrupci\u00f3n.<\/p>\n<p>Con el transcurso de los a\u00f1os la postura de la Academia de Derecho Penal del Colegio Nacional de Abogados Foro de M\u00e9xico, A.C., siempre ha sido obtener del Poder Ejecutivo Federal una pol\u00edtica que conlleve a depurar el medio de procuraci\u00f3n e impartici\u00f3n de justicia, lamentablemente esos deseos se han tornado de fervientes y apasionados en negativos y cr\u00edticamente realistas, muchos son los males que se agrupan en el entorno de impartici\u00f3n de justicia, ahora se suma el triste espect\u00e1culo de togados que buscan el voto para llegar al sitial que la mayor\u00eda de ellos no merece.<\/p>\n<p>En \u00e9ste punto es importante referir que la Presienta Constitucional de los Estados Unidos Mexicanos, debe de saber que en la justicia siempre existe un peligro en su impartici\u00f3n, el cu\u00e1l es la corrupci\u00f3n, ese peligro hoy m\u00e1s que nunca se encuentra latente, ya que acceder\u00e1n al cargo de jueces, magistrados y ministros togas que no cuentan ni con los conocimientos, ni con la experiencia para impartir esa justicia imparcial.<\/p>\n<p>En concepto de la abogac\u00eda independiente de la Naci\u00f3n, la justicia imparcial s\u00f3lo se obtendr\u00eda en el momento en que el Poder Ejecutivo se decida a utilizar el C\u00f3digo Penal Federal para encarcelar a esos jueces, magistrados y corruptos que imparten justicia y que tanto denigran a las instituciones que la conceden.<\/p>\n<p>Es cu\u00e1nto.<\/p>\n<p><img data-recalc-dims=\"1\" loading=\"lazy\" decoding=\"async\" class=\"aligncenter size-full wp-image-62541\" src=\"https:\/\/i0.wp.com\/politicosaldesnudo.com.mx\/wp-content\/uploads\/2025\/05\/FIRMA-EDITORIAL-PD-3.jpg?resize=800%2C98&#038;ssl=1\" alt=\"\" width=\"800\" height=\"98\" srcset=\"https:\/\/i0.wp.com\/politicosaldesnudo.com.mx\/wp-content\/uploads\/2025\/05\/FIRMA-EDITORIAL-PD-3.jpg?w=1024&amp;ssl=1 1024w, https:\/\/i0.wp.com\/politicosaldesnudo.com.mx\/wp-content\/uploads\/2025\/05\/FIRMA-EDITORIAL-PD-3.jpg?resize=300%2C37&amp;ssl=1 300w, https:\/\/i0.wp.com\/politicosaldesnudo.com.mx\/wp-content\/uploads\/2025\/05\/FIRMA-EDITORIAL-PD-3.jpg?resize=768%2C94&amp;ssl=1 768w\" sizes=\"auto, (max-width: 800px) 100vw, 800px\" \/><\/p>\n","protected":false},"excerpt":{"rendered":"<p>D\u00eda a d\u00eda existen m\u00e1s evidencias y, los \u00faltimos acontecimientos as\u00ed lo demuestran, que el segundo piso de la Cuarta<\/p>\n","protected":false},"author":4,"featured_media":52149,"comment_status":"closed","ping_status":"closed","sticky":false,"template":"","format":"standard","meta":{"colormag_page_container_layout":"default_layout","colormag_page_sidebar_layout":"default_layout","_jetpack_memberships_contains_paid_content":false,"footnotes":"","jetpack_publicize_message":"","jetpack_publicize_feature_enabled":true,"jetpack_social_post_already_shared":false,"jetpack_social_options":{"image_generator_settings":{"template":"highway","default_image_id":0,"font":"","enabled":false},"version":2}},"categories":[26],"tags":[],"class_list":["post-62612","post","type-post","status-publish","format-standard","has-post-thumbnail","hentry","category-columnistas"],"jetpack_publicize_connections":[],"jetpack_featured_media_url":"https:\/\/i0.wp.com\/politicosaldesnudo.com.mx\/wp-content\/uploads\/2024\/12\/WOODLRICH.jpg?fit=800%2C445&ssl=1","jetpack-related-posts":[],"jetpack_sharing_enabled":true,"_links":{"self":[{"href":"https:\/\/politicosaldesnudo.com.mx\/index.php\/wp-json\/wp\/v2\/posts\/62612","targetHints":{"allow":["GET"]}}],"collection":[{"href":"https:\/\/politicosaldesnudo.com.mx\/index.php\/wp-json\/wp\/v2\/posts"}],"about":[{"href":"https:\/\/politicosaldesnudo.com.mx\/index.php\/wp-json\/wp\/v2\/types\/post"}],"author":[{"embeddable":true,"href":"https:\/\/politicosaldesnudo.com.mx\/index.php\/wp-json\/wp\/v2\/users\/4"}],"replies":[{"embeddable":true,"href":"https:\/\/politicosaldesnudo.com.mx\/index.php\/wp-json\/wp\/v2\/comments?post=62612"}],"version-history":[{"count":0,"href":"https:\/\/politicosaldesnudo.com.mx\/index.php\/wp-json\/wp\/v2\/posts\/62612\/revisions"}],"wp:featuredmedia":[{"embeddable":true,"href":"https:\/\/politicosaldesnudo.com.mx\/index.php\/wp-json\/wp\/v2\/media\/52149"}],"wp:attachment":[{"href":"https:\/\/politicosaldesnudo.com.mx\/index.php\/wp-json\/wp\/v2\/media?parent=62612"}],"wp:term":[{"taxonomy":"category","embeddable":true,"href":"https:\/\/politicosaldesnudo.com.mx\/index.php\/wp-json\/wp\/v2\/categories?post=62612"},{"taxonomy":"post_tag","embeddable":true,"href":"https:\/\/politicosaldesnudo.com.mx\/index.php\/wp-json\/wp\/v2\/tags?post=62612"}],"curies":[{"name":"wp","href":"https:\/\/api.w.org\/{rel}","templated":true}]}}