{"id":62616,"date":"2025-05-07T22:58:04","date_gmt":"2025-05-08T04:58:04","guid":{"rendered":"https:\/\/politicosaldesnudo.com.mx\/?p=62616"},"modified":"2025-05-07T22:58:04","modified_gmt":"2025-05-08T04:58:04","slug":"marily-transformar-el-poder-judicial","status":"publish","type":"post","link":"https:\/\/politicosaldesnudo.com.mx\/index.php\/2025\/05\/07\/marily-transformar-el-poder-judicial\/","title":{"rendered":"Marily Transformar el Poder Judicial"},"content":{"rendered":"<ul style=\"font-weight: 400;\">\n<li><strong>As\u00ed como est\u00e1 funcionando la Octava Sala, quiero que funcione todo el Poder Judicial<\/strong><\/li>\n<li><strong>Una candidata a magistrada, dispuesta a desafiar los esquemas tradicionales<\/strong><\/li>\n<li><strong>La justicia puede ser, efectivamente, un derecho para todos<\/strong><\/li>\n<\/ul>\n<p style=\"font-weight: 400;\"><strong>Por Miguel \u00c1ngel Cristiani G.<\/strong><\/p>\n<p style=\"font-weight: 400;\">Estuvimos con la Magistrada Marily Viveros Hern\u00e1ndez, quien se encuentra participando en el Proceso Electoral Local Extraordinario del Tribunal Superior de Justicia, a quien le preguntamos su opini\u00f3n acerca de la elecci\u00f3n de magistrados y jueces que se llevar\u00e1 a cabo el pr\u00f3ximo 1 de junio y cual es el motivo que la impulsa a participar.<\/p>\n<p style=\"font-weight: 400;\">Bueno, les dec\u00eda que el proceso en s\u00ed se ha venido construyendo, es m\u00e1s, yo creo que no va a terminar de estar construido hasta que pase el conteo y todo lo dem\u00e1s. \u00bfPor qu\u00e9 decid\u00ed participar? Bueno, porque considero que en 2020 llegu\u00e9 al Poder Judicial por m\u00e9ritos propios y en 5 a\u00f1os, no me ha dado tiempo de poder terminar de asentar todos mis ideales.<\/p>\n<p style=\"font-weight: 400;\">Lo he logrado hacer en mi sala y tomar control para que haya sesiones, &#8211; que antes no se hac\u00edan- que haya d\u00edas de debate, que haya votaci\u00f3n, que no se quede ning\u00fan expediente, ning\u00fan oficio rezagado, porque s\u00ed, s\u00ed soy muy estricta en eso con mis compa\u00f1eros.<\/p>\n<p style=\"font-weight: 400;\">No nada m\u00e1s estoy en mi oficina, me meto al archivo, me meto a oficialidad de partes, me voy en cada una de las mesas, luego me dicen, \u00abPero por qu\u00e9 haces eso si para eso tienes un secretario.\u00bb Pues porque conf\u00edo en mi secretario, pero tambi\u00e9n reviso lo que hace mi secretario. Y porque yo s\u00e9 hacerlo y lo he hecho. Entonces, a lo mejor podr\u00e1 hacer doble trabajo, pero \u00bfpor qu\u00e9 quiero?<\/p>\n<p style=\"font-weight: 400;\">Porque, as\u00ed como est\u00e1 funcionando la Octava Sala, quiero que funcione todo el Poder Judicial.<\/p>\n<p style=\"font-weight: 400;\">Marily Lilia Viveros Ram\u00edrez es la Candidata que Busca Transformar el Poder Judicial Local.<\/p>\n<p style=\"font-weight: 400;\">En un rinc\u00f3n de la pol\u00edtica local, se perfila una figura que promete cambiar el rumbo del Poder Judicial: Marily Lilia Viveros Ram\u00edrez. Con la boleta rosa #18, esta abogada con una trayectoria notable se presenta como la candidata a magistrada, dispuesta a desafiar los esquemas tradicionales y aportar una nueva visi\u00f3n a la justicia en nuestra comunidad.<\/p>\n<p style=\"font-weight: 400;\">Un Trayecto Lleno de Experiencia: Marily no es una reci\u00e9n llegada al \u00e1mbito judicial. Con m\u00e1s de dos d\u00e9cadas de experiencia, ha recorrido un camino que la ha llevado desde las aulas de la facultad de derecho hasta las salas de tribunal. Su carrera se ha caracterizado por un compromiso inquebrantable con la justicia y la equidad. Ha trabajado en diversas \u00e1reas del derecho, lo que le ha permitido adquirir una perspectiva amplia sobre los problemas que enfrenta la ciudadan\u00eda.<\/p>\n<p style=\"font-weight: 400;\">La Boleta Rosa Un S\u00edmbolo de Cambio: La elecci\u00f3n de la boleta rosa no es casualidad. Este color, que evoca tanto la lucha por los derechos de las mujeres como la esperanza de un futuro m\u00e1s justo, refleja los valores que Viveros Ram\u00edrez defiende. En sus discursos, enfatiza la importancia de la igualdad de g\u00e9nero en el sistema judicial y promete ser un faro de luz para quienes han sido hist\u00f3ricamente marginados.<\/p>\n<p style=\"font-weight: 400;\">Propuestas Claras y Directas: Uno de los puntos m\u00e1s atractivos de la candidatura de Marily es su enfoque pragm\u00e1tico. Propone reformas concretas para agilizar los procesos judiciales, reducir la burocracia y mejorar la atenci\u00f3n a las v\u00edctimas. \u00abLa justicia no debe ser un laberinto\u00bb, afirma con convicci\u00f3n. Su propuesta de implementar tecnolog\u00edas modernas en el sistema judicial es un claro indicativo de su visi\u00f3n hacia el futuro.<\/p>\n<p style=\"font-weight: 400;\">Adem\u00e1s, Viveros Ram\u00edrez se compromete a fomentar la capacitaci\u00f3n continua de los jueces y el personal administrativo. \u00abUn juez bien preparado es la mejor defensa contra la injusticia\u00bb, dice, subrayando su deseo de elevar los est\u00e1ndares del Poder Judicial.<\/p>\n<p style=\"font-weight: 400;\">Escuchando a la Ciudadan\u00eda: Marily entiende que la clave del \u00e9xito radica en escuchar a la ciudadan\u00eda. Ha llevado a cabo foros y encuentros comunitarios, donde ha recabado opiniones e inquietudes. Esta cercan\u00eda con la gente no solo la humaniza, sino que tambi\u00e9n le proporciona un mapa claro de las necesidades reales de la poblaci\u00f3n. \u00abLa justicia debe estar al alcance de todos, no solo de unos pocos\u00bb, destaca, reflejando su compromiso con una justicia accesible.<\/p>\n<p style=\"font-weight: 400;\">La Competencia y el Desaf\u00edo: Sin embargo, su camino no est\u00e1 exento de desaf\u00edos. La competencia es feroz, y algunos de sus oponentes han estado en el juego pol\u00edtico por m\u00e1s tiempo. No obstante, su autenticidad y su enfoque fresco podr\u00edan ser el factor decisivo. En un mundo donde la desconfianza hacia las instituciones es palpable, Viveros Ram\u00edrez se presenta como una opci\u00f3n renovadora.<\/p>\n<p style=\"font-weight: 400;\">Un Futuro Prometedor: Marily Viveros Ram\u00edrez es m\u00e1s que una candidata; es una voz que clama por un cambio. Su propuesta es clara: un Poder Judicial m\u00e1s justo, \u00e1gil y humano. Est\u00e1 dispuesta a luchar por la transformaci\u00f3n de un sistema que, a menudo, se siente distante de la realidad de las personas.<\/p>\n<p style=\"font-weight: 400;\">La elecci\u00f3n se aproxima el pr\u00f3ximo 1 de junio, y con ella, la oportunidad de decidir el rumbo de la justicia en nuestra localidad. La boleta rosa #18 no solo representa a una candidata; simboliza la esperanza de un futuro mejor. \u00bfEstamos listos para darle la oportunidad de demostrar que la justicia puede ser, efectivamente, un derecho para todos? La respuesta est\u00e1 en nuestras manos.<\/p>\n<p style=\"font-weight: 400;\">Para m\u00e1s informaci\u00f3n consulta nuestra p\u00e1gina\u00a0<a href=\"https:\/\/www.xn--bitacoraspolticas-ovb.com\/\" data-saferedirecturl=\"https:\/\/www.google.com\/url?q=https:\/\/www.xn--bitacoraspolticas-ovb.com\/&amp;source=gmail&amp;ust=1746766489448000&amp;usg=AOvVaw1kS8SkH9BvMY3t_1w_fsST\">https:\/\/www.xn--bitacoraspolticas-ovb.com\/<\/a><\/p>\n<p><img data-recalc-dims=\"1\" loading=\"lazy\" decoding=\"async\" class=\"aligncenter size-full wp-image-62541\" src=\"https:\/\/i0.wp.com\/politicosaldesnudo.com.mx\/wp-content\/uploads\/2025\/05\/FIRMA-EDITORIAL-PD-3.jpg?resize=800%2C98&#038;ssl=1\" alt=\"\" width=\"800\" height=\"98\" srcset=\"https:\/\/i0.wp.com\/politicosaldesnudo.com.mx\/wp-content\/uploads\/2025\/05\/FIRMA-EDITORIAL-PD-3.jpg?w=1024&amp;ssl=1 1024w, https:\/\/i0.wp.com\/politicosaldesnudo.com.mx\/wp-content\/uploads\/2025\/05\/FIRMA-EDITORIAL-PD-3.jpg?resize=300%2C37&amp;ssl=1 300w, https:\/\/i0.wp.com\/politicosaldesnudo.com.mx\/wp-content\/uploads\/2025\/05\/FIRMA-EDITORIAL-PD-3.jpg?resize=768%2C94&amp;ssl=1 768w\" sizes=\"auto, (max-width: 800px) 100vw, 800px\" \/><\/p>\n","protected":false},"excerpt":{"rendered":"<p>As\u00ed como est\u00e1 funcionando la Octava Sala, quiero que funcione todo el Poder Judicial Una candidata a magistrada, dispuesta a<\/p>\n","protected":false},"author":4,"featured_media":46060,"comment_status":"closed","ping_status":"closed","sticky":false,"template":"","format":"standard","meta":{"colormag_page_container_layout":"default_layout","colormag_page_sidebar_layout":"default_layout","_jetpack_memberships_contains_paid_content":false,"footnotes":"","jetpack_publicize_message":"","jetpack_publicize_feature_enabled":true,"jetpack_social_post_already_shared":false,"jetpack_social_options":{"image_generator_settings":{"template":"highway","default_image_id":0,"font":"","enabled":false},"version":2}},"categories":[26],"tags":[],"class_list":["post-62616","post","type-post","status-publish","format-standard","has-post-thumbnail","hentry","category-columnistas"],"jetpack_publicize_connections":[],"jetpack_featured_media_url":"https:\/\/i0.wp.com\/politicosaldesnudo.com.mx\/wp-content\/uploads\/2024\/09\/CRISTIANI-2.jpg?fit=800%2C445&ssl=1","jetpack-related-posts":[],"jetpack_sharing_enabled":true,"_links":{"self":[{"href":"https:\/\/politicosaldesnudo.com.mx\/index.php\/wp-json\/wp\/v2\/posts\/62616","targetHints":{"allow":["GET"]}}],"collection":[{"href":"https:\/\/politicosaldesnudo.com.mx\/index.php\/wp-json\/wp\/v2\/posts"}],"about":[{"href":"https:\/\/politicosaldesnudo.com.mx\/index.php\/wp-json\/wp\/v2\/types\/post"}],"author":[{"embeddable":true,"href":"https:\/\/politicosaldesnudo.com.mx\/index.php\/wp-json\/wp\/v2\/users\/4"}],"replies":[{"embeddable":true,"href":"https:\/\/politicosaldesnudo.com.mx\/index.php\/wp-json\/wp\/v2\/comments?post=62616"}],"version-history":[{"count":0,"href":"https:\/\/politicosaldesnudo.com.mx\/index.php\/wp-json\/wp\/v2\/posts\/62616\/revisions"}],"wp:featuredmedia":[{"embeddable":true,"href":"https:\/\/politicosaldesnudo.com.mx\/index.php\/wp-json\/wp\/v2\/media\/46060"}],"wp:attachment":[{"href":"https:\/\/politicosaldesnudo.com.mx\/index.php\/wp-json\/wp\/v2\/media?parent=62616"}],"wp:term":[{"taxonomy":"category","embeddable":true,"href":"https:\/\/politicosaldesnudo.com.mx\/index.php\/wp-json\/wp\/v2\/categories?post=62616"},{"taxonomy":"post_tag","embeddable":true,"href":"https:\/\/politicosaldesnudo.com.mx\/index.php\/wp-json\/wp\/v2\/tags?post=62616"}],"curies":[{"name":"wp","href":"https:\/\/api.w.org\/{rel}","templated":true}]}}