{"id":62683,"date":"2025-05-09T00:11:59","date_gmt":"2025-05-09T06:11:59","guid":{"rendered":"https:\/\/politicosaldesnudo.com.mx\/?p=62683"},"modified":"2025-05-09T00:11:59","modified_gmt":"2025-05-09T06:11:59","slug":"junta-de-gobierno-de-la-uv-alguien-que-se-los-diga","status":"publish","type":"post","link":"https:\/\/politicosaldesnudo.com.mx\/index.php\/2025\/05\/09\/junta-de-gobierno-de-la-uv-alguien-que-se-los-diga\/","title":{"rendered":"Junta de Gobierno de la UV:  Alguien que se los diga"},"content":{"rendered":"<p style=\"font-weight: 400;\"><strong>Ha tomado atribuciones que no le otorga la ley org\u00e1nica, ni ninguna otra<\/strong><\/p>\n<p style=\"font-weight: 400;\"><strong>No tiene facultades para interpretar la ley o para hace modificaciones<\/strong><\/p>\n<p style=\"font-weight: 400;\"><strong>Al hacerlo, violan la Ley Org\u00e1nica y est\u00e1n sujetos a las consecuencias<\/strong><\/p>\n<p style=\"font-weight: 400;\"><strong>Por Miguel \u00c1ngel Cristiani G.<\/strong><\/p>\n<p style=\"font-weight: 400;\">La Junta de Gobierno de la Universidad Veracruzana, ha venido tom\u00e1ndose atribuciones que no le otorga la Ley Org\u00e1nica ni ninguna otra; la Junta, no tiene facultades para interpretar la ley o para hace modificaciones, o dispensar requisitos por votaci\u00f3n pues, al hacerlo, violan la Ley Org\u00e1nica y est\u00e1n sujetos a las consecuencias que marca la ley como para todo ciudadano.<\/p>\n<p style=\"font-weight: 400;\">El ser miembro de la Junta no es un \u201cescudo\u201d contra ello y cualquier miembro de la comunidad puede hacer una denuncia ante las autoridades correspondientes.<\/p>\n<p style=\"font-weight: 400;\">Lo grave, es que estos desaciertos no se dan por ignorancia, como ocurri\u00f3 con el mismo comunicado en que se informa de la designaci\u00f3n de Juan Ortiz Escamilla como Secretario Acad\u00e9mico (\u00a0<a href=\"https:\/\/www.uv.mx\/juntagob\/files\/2022\/10\/ALA-COMUNIDAD-UNIVERSITARIA.pdf\" data-saferedirecturl=\"https:\/\/www.google.com\/url?q=https:\/\/www.uv.mx\/juntagob\/files\/2022\/10\/ALA-COMUNIDAD-UNIVERSITARIA.pdf&amp;source=gmail&amp;ust=1746853435801000&amp;usg=AOvVaw2sHnbdI7qPX0Z_rmH3xY6w\">https:\/\/www.uv.mx\/juntagob\/files\/2022\/10\/ALA-COMUNIDAD-UNIVERSITARIA.pdf<\/a>\u00a0) y donde Junta reconoci\u00f3 p\u00fablicamente que viol\u00f3 la Ley Org\u00e1nica, al se\u00f1alar en el mismo que \u201c\u2026En el proceso de verificar los requisitos contra los documentos comprobatorios recibidos, se repar\u00f3 que el \u00fanico integrante que no cumpl\u00eda con un requisito era el doctor Juan Ortiz Escamilla \u2026 sin embargo, se encontraba desempe\u00f1\u00e1ndose como funcionario universitario.\u201d<\/p>\n<p style=\"font-weight: 400;\">\u00bfSin embargo? Sin embargo, hubiera dado lo mismo que se encontrara haciendo cualquier otra cosa; esto no tiene nada que ver con el punto en cuesti\u00f3n: el no cumplimiento del requisito.<\/p>\n<p style=\"font-weight: 400;\">Reconocen, nuevamente, que fueron omisos en el la observancia de la \u00a1Ley Org\u00e1nica y entonces recurrieron a una Ley secundaria!, es decir a una ley que no puede contravenir lo establecido por una ley superior como la Ley Org\u00e1nica de la Universidad Veracruzana.<\/p>\n<p style=\"font-weight: 400;\">\u201c\u2026si bien es la Ley Org\u00e1nica el documento superior en el orden de prelaci\u00f3n jur\u00eddica que nos rige, apunta a una controversia o incongruencia legal, al mismo tiempo que apunta a una realidad que los diferentes intentos de reforma a dicha ley han tratado de resolver, pero que para avanzar en materia de discriminaci\u00f3n y derechos humanos, se ha recurrido a la legislaci\u00f3n secundaria\u2026\u201d<\/p>\n<p style=\"font-weight: 400;\">Bajo ning\u00fan motivo puede aplicarse una Ley secundaria para sustituir lo establecido en la Ley Org\u00e1nica. Si se quiere avanzar en materia de Derechos Humanos, o cualquier otra, debe hacerse de acuerdo con la Ley; es decir, enviando la propuesta de modificaci\u00f3n para consideraci\u00f3n del H. Congreso del Estado. \u00bfY qu\u00e9 ocurre con los Derechos Humanos de quienes s\u00ed cumplen con los requisitos legales? \u00bfAcaso no es un insulto a los miles de acad\u00e9micos universitarios sugiriendo que ninguno tiene la capacidad necesaria y por ello debe recurrir a violentar la Ley Org\u00e1nica? En caso que la ley actual \u201capunta a una controversia o incongruencia legal\u201d, no es la junta quien debe resolverlo, sino una autoridad competente.<\/p>\n<p style=\"font-weight: 400;\">Sustituyeron por votaci\u00f3n, omitir la observancia de lo que la Ley Org\u00e1nica manda, seg\u00fan en el mismo comunicado reconocen.<\/p>\n<p style=\"font-weight: 400;\">\u201cEn conclusi\u00f3n, despu\u00e9s de una deliberaci\u00f3n ardua, en cumplimiento del respeto a los derechos humanos y al principio de progresividad, entendido como un principio que impulse el fortalecimiento del ejercicio de los derechos humanos y no su regresividad, lo que nos llevar\u00eda a configurar discriminaci\u00f3n por edad, se someti\u00f3 a votaci\u00f3n la permanencia del Dr. Juan Ortiz Escamilla en la terna para ocupar el cargo de titular de la Secretar\u00eda Acad\u00e9mica, aprob\u00e1ndose en la segunda votaci\u00f3n por mayor\u00eda de votos.\u201d<\/p>\n<p style=\"font-weight: 400;\">\u201cel doctor Ortiz Escamilla cuenta con un CV sobresaliente, distinciones importantes y reconocimientos nacionales e internacionales que se traducen en su reconocida honorabilidad y el respeto de sus pares; adem\u00e1s, cuenta con extensas publicaciones en editoriales importantes, as\u00ed como probada experiencia de los procesos acad\u00e9micos y administrativos que, en estos momentos, hacen que en \u00e9l concurran la visi\u00f3n y la experiencia necesarias para impulsar y consolidar la importante funci\u00f3n de la Secretar\u00eda Acad\u00e9mica de nuestra Universidad.\u201d<\/p>\n<p style=\"font-weight: 400;\">Existen muchos acad\u00e9micos con curr\u00edculum comparable en nuestra universidad; \u00bfacaso esos curr\u00edculums son suficiente justificaci\u00f3n para no garantizar la observancia de la Ley?<\/p>\n<p style=\"font-weight: 400;\">\u00bfD\u00f3nde est\u00e1 la Contralor\u00eda?<\/p>\n<p style=\"font-weight: 400;\">\u00bfAcaso la Contralor\u00eda de la Junta de Gobierno realiz\u00f3 una auditor\u00eda al proceso de designaci\u00f3n del Secretario Acad\u00e9mico?<\/p>\n<p style=\"font-weight: 400;\">\n<p style=\"font-weight: 400;\">Resulta dif\u00edcil de comprender que entre todas las brillantes mentes universitarias, entre las que se cuenta con una Facultad de Derecho y un Instituto de Investigaciones Jur\u00eddicas, nadie les haya explicado a los miembros de la Junta que:<\/p>\n<p style=\"font-weight: 400;\">\n<ol>\n<li style=\"font-weight: 400;\">La funci\u00f3n de la Junta es verificar la legalidad del proceso; verificar que los candidatos propuestos a los diversos cargos universitarios cumplan cabalmente con lo establecido en la Ley.<\/li>\n<\/ol>\n<p style=\"font-weight: 400;\">\n<ol start=\"2\">\n<li style=\"font-weight: 400;\">La Junta, no tiene facultades para interpretar leyes o dar \u201cdispensas\u201d de ning\u00fan tipo.<\/li>\n<\/ol>\n<p style=\"font-weight: 400;\">\n<ol start=\"3\">\n<li style=\"font-weight: 400;\">Si la junta desea avanzar en cualquier materia, debe enviarse una propuesta de modificaci\u00f3n al H. Congreso del Estado y sea ah\u00ed aprobada para su aplicaci\u00f3n.<\/li>\n<\/ol>\n<p style=\"font-weight: 400;\">\n<ol start=\"4\">\n<li style=\"font-weight: 400;\">Quienes no cumplan con ello, estar\u00e1n sujetos a lo dispuesto por las leyes del estado y del pa\u00eds.<\/li>\n<\/ol>\n<p style=\"font-weight: 400;\">\n<p style=\"font-weight: 400;\">Est\u00e1 pr\u00f3xima ya la emisi\u00f3n de la convocatoria para la elecci\u00f3n de Rector o Rectora de la Universidad Veracruzana. La comunidad universitaria debe estar atenta si la Junta de Gobierno insiste en tomarse atribuciones que por ley no tiene, para \u201cdispensar\u201d el requisito de la edad o cualquier otro, por mera votaci\u00f3n. Y si este es el caso, ning\u00fan aspirante deber\u00eda registrarse siquiera para el pr\u00f3ximo proceso; deber\u00edan dejar que el proceso sea de uno solo -que no cumple los requisitos de Ley- y esperar que, posiblemente, esto tenga las consecuencias que marca la ley.<\/p>\n<p style=\"font-weight: 400;\">Por transparencia, deber\u00eda hacerse p\u00fablico el compromiso de todos y cada uno de los miembros de la Junta de Gobierno ante los universitarios y ante la sociedad, de cumplir cabalmente con aquello a lo que est\u00e1n obligados. Es necesario que lo manifiesten p\u00fablicamente y por escrito.<\/p>\n<p style=\"font-weight: 400;\">Para m\u00e1s informaci\u00f3n consulta nuestra p\u00e1gina\u00a0<a href=\"https:\/\/www.xn--bitacoraspolticas-ovb.com\/\" data-saferedirecturl=\"https:\/\/www.google.com\/url?q=https:\/\/www.xn--bitacoraspolticas-ovb.com\/&amp;source=gmail&amp;ust=1746853435802000&amp;usg=AOvVaw3AnDyyTiASJ9eVOcyAVZIB\">https:\/\/www.xn--bitacoraspolticas-ovb.com\/<\/a><\/p>\n<p><img data-recalc-dims=\"1\" loading=\"lazy\" decoding=\"async\" class=\"aligncenter size-full wp-image-62681\" src=\"https:\/\/i0.wp.com\/politicosaldesnudo.com.mx\/wp-content\/uploads\/2025\/05\/FIRMA-EDITORIAL-PD-4.jpg?resize=800%2C98&#038;ssl=1\" alt=\"\" width=\"800\" height=\"98\" srcset=\"https:\/\/i0.wp.com\/politicosaldesnudo.com.mx\/wp-content\/uploads\/2025\/05\/FIRMA-EDITORIAL-PD-4.jpg?w=1024&amp;ssl=1 1024w, https:\/\/i0.wp.com\/politicosaldesnudo.com.mx\/wp-content\/uploads\/2025\/05\/FIRMA-EDITORIAL-PD-4.jpg?resize=300%2C37&amp;ssl=1 300w, https:\/\/i0.wp.com\/politicosaldesnudo.com.mx\/wp-content\/uploads\/2025\/05\/FIRMA-EDITORIAL-PD-4.jpg?resize=768%2C94&amp;ssl=1 768w\" sizes=\"auto, (max-width: 800px) 100vw, 800px\" \/><\/p>\n","protected":false},"excerpt":{"rendered":"<p>Ha tomado atribuciones que no le otorga la ley org\u00e1nica, ni ninguna otra No tiene facultades para interpretar la ley<\/p>\n","protected":false},"author":4,"featured_media":46060,"comment_status":"closed","ping_status":"closed","sticky":false,"template":"","format":"standard","meta":{"colormag_page_container_layout":"default_layout","colormag_page_sidebar_layout":"default_layout","_jetpack_memberships_contains_paid_content":false,"footnotes":"","jetpack_publicize_message":"","jetpack_publicize_feature_enabled":true,"jetpack_social_post_already_shared":false,"jetpack_social_options":{"image_generator_settings":{"template":"highway","default_image_id":0,"font":"","enabled":false},"version":2}},"categories":[26],"tags":[],"class_list":["post-62683","post","type-post","status-publish","format-standard","has-post-thumbnail","hentry","category-columnistas"],"jetpack_publicize_connections":[],"jetpack_featured_media_url":"https:\/\/i0.wp.com\/politicosaldesnudo.com.mx\/wp-content\/uploads\/2024\/09\/CRISTIANI-2.jpg?fit=800%2C445&ssl=1","jetpack-related-posts":[],"jetpack_sharing_enabled":true,"_links":{"self":[{"href":"https:\/\/politicosaldesnudo.com.mx\/index.php\/wp-json\/wp\/v2\/posts\/62683","targetHints":{"allow":["GET"]}}],"collection":[{"href":"https:\/\/politicosaldesnudo.com.mx\/index.php\/wp-json\/wp\/v2\/posts"}],"about":[{"href":"https:\/\/politicosaldesnudo.com.mx\/index.php\/wp-json\/wp\/v2\/types\/post"}],"author":[{"embeddable":true,"href":"https:\/\/politicosaldesnudo.com.mx\/index.php\/wp-json\/wp\/v2\/users\/4"}],"replies":[{"embeddable":true,"href":"https:\/\/politicosaldesnudo.com.mx\/index.php\/wp-json\/wp\/v2\/comments?post=62683"}],"version-history":[{"count":0,"href":"https:\/\/politicosaldesnudo.com.mx\/index.php\/wp-json\/wp\/v2\/posts\/62683\/revisions"}],"wp:featuredmedia":[{"embeddable":true,"href":"https:\/\/politicosaldesnudo.com.mx\/index.php\/wp-json\/wp\/v2\/media\/46060"}],"wp:attachment":[{"href":"https:\/\/politicosaldesnudo.com.mx\/index.php\/wp-json\/wp\/v2\/media?parent=62683"}],"wp:term":[{"taxonomy":"category","embeddable":true,"href":"https:\/\/politicosaldesnudo.com.mx\/index.php\/wp-json\/wp\/v2\/categories?post=62683"},{"taxonomy":"post_tag","embeddable":true,"href":"https:\/\/politicosaldesnudo.com.mx\/index.php\/wp-json\/wp\/v2\/tags?post=62683"}],"curies":[{"name":"wp","href":"https:\/\/api.w.org\/{rel}","templated":true}]}}