{"id":62740,"date":"2025-05-11T19:16:27","date_gmt":"2025-05-12T01:16:27","guid":{"rendered":"https:\/\/politicosaldesnudo.com.mx\/?p=62740"},"modified":"2025-05-11T19:16:27","modified_gmt":"2025-05-12T01:16:27","slug":"bajo-la-efectividad-del-gobierno-en-menos-5-3","status":"publish","type":"post","link":"https:\/\/politicosaldesnudo.com.mx\/index.php\/2025\/05\/11\/bajo-la-efectividad-del-gobierno-en-menos-5-3\/","title":{"rendered":"Baj\u00f3 la efectividad del gobierno en menos 5.3 %"},"content":{"rendered":"<p style=\"font-weight: 400;\"><strong>Veracruz ocupa el primer lugar nacional, pero de abajo para arriba<\/strong><\/p>\n<p style=\"font-weight: 400;\"><strong>Una p\u00e9rdida significativa en la confianza de los ciudadanos<\/strong><\/p>\n<p style=\"font-weight: 400;\"><strong>Esperan que el gobierno gaste su dinero de manera responsable<\/strong><\/p>\n<p style=\"font-weight: 400;\"><strong>Por Miguel \u00c1ngel Cristiani G.<\/strong><\/p>\n<p style=\"font-weight: 400;\">Se acaban de dar a conocer los Resultados de Diagn\u00f3stico del Presupuesto Basado en Resultados, mejor conocido como PbE-SED, en el que se hace una comparaci\u00f3n entre los a\u00f1os 2024 y 2025 y resulta que el Estado de Veracruz ocupa el primer lugar a nivel nacional, pero de abajo para arriba.<\/p>\n<p style=\"font-weight: 400;\">Como dir\u00eda el rector Roberto Bravo Garz\u00f3n en sus marat\u00f3nicas sesiones de Consejo Universitario, \u201cdicho de otra manera\u201d en el a\u00f1o 2024 ten\u00edamos 74.1 de efectividad y en este 2025 bajamos a 68.8, o sea que hay una diferencia porcentual de menos 5.3.<\/p>\n<p style=\"font-weight: 400;\">Pero como nosotros no somos especialistas, un amigo que si lo es nos explic\u00f3:<\/p>\n<p style=\"font-weight: 400;\">La reciente disminuci\u00f3n de -5.3 en los resultados del Diagn\u00f3stico del Presupuesto Basado en Resultados (PbE-SED) para 2025 en el Estado de Veracruz, debe de prender las alertas en el \u00e1mbito financiero y econ\u00f3mico. Pero, \u00bfqu\u00e9 significa realmente este descenso? Vamos a desmenuzarlo de manera sencilla.<\/p>\n<p style=\"font-weight: 400;\">El Presupuesto Basado en Resultados (PbE-SED) es una herramienta que busca optimizar la asignaci\u00f3n de recursos en las administraciones p\u00fablicas. Se enfoca en los resultados y la eficacia de los programas, en lugar de simplemente gastar. En teor\u00eda, esto suena ideal. Sin embargo, la pr\u00e1ctica puede ser muy diferente.<\/p>\n<p style=\"font-weight: 400;\">Cuando hablamos de un diagn\u00f3stico, nos referimos a un an\u00e1lisis que mide c\u00f3mo se est\u00e1n utilizando estos recursos y qu\u00e9 tan efectivos son los programas implementados. Una disminuci\u00f3n en este diagn\u00f3stico puede indicar varios problemas en la gesti\u00f3n p\u00fablica.<\/p>\n<p style=\"font-weight: 400;\">\u00bfQu\u00e9 Implica una Disminuci\u00f3n de -5.3? Primero, una disminuci\u00f3n de -5.3 no es un n\u00famero trivial. Puede representar una p\u00e9rdida significativa en la confianza de los ciudadanos en la administraci\u00f3n p\u00fablica. Aqu\u00ed hay algunas implicaciones clave:<\/p>\n<p style=\"font-weight: 400;\"><strong>Eficiencia Comprometida:<\/strong>\u00a0Una baja en los resultados puede sugerir que los recursos no se est\u00e1n utilizando de manera eficiente. Esto plantea preguntas sobre la asignaci\u00f3n de presupuestos y la eficacia de los programas.<\/p>\n<p style=\"font-weight: 400;\"><strong>Desconfianza Ciudadana:<\/strong>\u00a0Los ciudadanos esperan que el gobierno gaste su dinero de manera responsable. Una disminuci\u00f3n en este diagn\u00f3stico podr\u00eda erosionar la confianza en las instituciones. La percepci\u00f3n de que el dinero no se est\u00e1 utilizando adecuadamente puede llevar a un descontento generalizado.<\/p>\n<p style=\"font-weight: 400;\"><strong>Impacto en Pol\u00edticas Futuras:<\/strong>\u00a0Esta ca\u00edda puede influir en la formulaci\u00f3n de pol\u00edticas. Si los resultados del PbE-SED son negativos, los legisladores podr\u00edan ser m\u00e1s reacios a aprobar nuevos proyectos. La incertidumbre se apodera del ambiente pol\u00edtico.<\/p>\n<p style=\"font-weight: 400;\"><strong>Necesidad de Revisi\u00f3n:<\/strong>\u00a0Una disminuci\u00f3n en el diagn\u00f3stico obliga a los gestores a revisar sus estrategias. Esto puede ser una oportunidad para realizar ajustes necesarios, pero tambi\u00e9n puede generar resistencia al cambio.<\/p>\n<p style=\"font-weight: 400;\"><strong>Causas Potenciales:<\/strong>\u00a0Identificar las causas de esta disminuci\u00f3n es crucial. Algunas posibles razones incluyen:<\/p>\n<p style=\"font-weight: 400;\"><strong>Falta de Capacitaci\u00f3n:<\/strong>\u00a0Si los funcionarios no est\u00e1n adecuadamente capacitados, es probable que no sepan c\u00f3mo aplicar el PbE-SED de manera efectiva.<\/p>\n<p style=\"font-weight: 400;\"><strong>Recursos Insuficientes:<\/strong>\u00a0La falta de recursos humanos o financieros puede limitar la capacidad de implementaci\u00f3n de programas efectivos.<\/p>\n<p style=\"font-weight: 400;\"><strong>Descoordinaci\u00f3n Interinstitucional:<\/strong>\u00a0La falta de comunicaci\u00f3n entre diferentes organismos puede llevar a una implementaci\u00f3n desarticulada de las pol\u00edticas.<\/p>\n<p style=\"font-weight: 400;\">\u00bfQu\u00e9 Sigue?<\/p>\n<p style=\"font-weight: 400;\">La disminuci\u00f3n de -5.3 en los resultados del PbE-SED 2025 debe ser vista como un llamado a la acci\u00f3n. Los gobiernos deben tomar este diagn\u00f3stico en serio y actuar. Aqu\u00ed algunas recomendaciones:<\/p>\n<p style=\"font-weight: 400;\">\n<ul style=\"font-weight: 400;\">\n<li>Inversi\u00f3n en Capacitaci\u00f3n: Capacitar a los funcionarios sobre c\u00f3mo aplicar el PbE-SED de manera efectiva.<\/li>\n<li>Fortalecimiento de la Comunicaci\u00f3n: Fomentar la colaboraci\u00f3n entre diferentes organismos para asegurar que las pol\u00edticas se implementen de manera coherente.<\/li>\n<li>Evaluaci\u00f3n Continua: Implementar un sistema de evaluaci\u00f3n constante para monitorear la eficacia de los programas y hacer ajustes cuando sea necesario.<\/li>\n<\/ul>\n<p style=\"font-weight: 400;\">La disminuci\u00f3n de -5.3 en los resultados del PbE-SED 2025 es un s\u00edntoma de problemas m\u00e1s profundos en la gesti\u00f3n p\u00fablica. Pero tambi\u00e9n es una oportunidad para reflexionar, aprender y mejorar. En tiempos de incertidumbre, una administraci\u00f3n p\u00fablica eficiente y transparente es m\u00e1s crucial que nunca. Ahora es el momento de actuar y transformar este desaf\u00edo en una oportunidad para el crecimiento y la confianza ciudadana.<\/p>\n<p style=\"font-weight: 400;\">Para m\u00e1s informaci\u00f3n consulta nuestra p\u00e1gina\u00a0<a href=\"https:\/\/www.xn--bitacoraspolticas-ovb.com\/\" data-saferedirecturl=\"https:\/\/www.google.com\/url?q=https:\/\/www.xn--bitacoraspolticas-ovb.com\/&amp;source=gmail&amp;ust=1747098699229000&amp;usg=AOvVaw0gJ93GL7AwDYMHwc17cZGv\">https:\/\/www.xn--bitacoraspolticas-ovb.com\/<\/a><\/p>\n<p><img data-recalc-dims=\"1\" loading=\"lazy\" decoding=\"async\" class=\"aligncenter size-full wp-image-62681\" src=\"https:\/\/i0.wp.com\/politicosaldesnudo.com.mx\/wp-content\/uploads\/2025\/05\/FIRMA-EDITORIAL-PD-4.jpg?resize=800%2C98&#038;ssl=1\" alt=\"\" width=\"800\" height=\"98\" srcset=\"https:\/\/i0.wp.com\/politicosaldesnudo.com.mx\/wp-content\/uploads\/2025\/05\/FIRMA-EDITORIAL-PD-4.jpg?w=1024&amp;ssl=1 1024w, https:\/\/i0.wp.com\/politicosaldesnudo.com.mx\/wp-content\/uploads\/2025\/05\/FIRMA-EDITORIAL-PD-4.jpg?resize=300%2C37&amp;ssl=1 300w, https:\/\/i0.wp.com\/politicosaldesnudo.com.mx\/wp-content\/uploads\/2025\/05\/FIRMA-EDITORIAL-PD-4.jpg?resize=768%2C94&amp;ssl=1 768w\" sizes=\"auto, (max-width: 800px) 100vw, 800px\" \/><\/p>\n","protected":false},"excerpt":{"rendered":"<p>Veracruz ocupa el primer lugar nacional, pero de abajo para arriba Una p\u00e9rdida significativa en la confianza de los ciudadanos<\/p>\n","protected":false},"author":4,"featured_media":46060,"comment_status":"closed","ping_status":"closed","sticky":false,"template":"","format":"standard","meta":{"colormag_page_container_layout":"default_layout","colormag_page_sidebar_layout":"default_layout","_jetpack_memberships_contains_paid_content":false,"footnotes":"","jetpack_publicize_message":"","jetpack_publicize_feature_enabled":true,"jetpack_social_post_already_shared":false,"jetpack_social_options":{"image_generator_settings":{"template":"highway","default_image_id":0,"font":"","enabled":false},"version":2}},"categories":[26],"tags":[],"class_list":["post-62740","post","type-post","status-publish","format-standard","has-post-thumbnail","hentry","category-columnistas"],"jetpack_publicize_connections":[],"jetpack_featured_media_url":"https:\/\/i0.wp.com\/politicosaldesnudo.com.mx\/wp-content\/uploads\/2024\/09\/CRISTIANI-2.jpg?fit=800%2C445&ssl=1","jetpack-related-posts":[],"jetpack_sharing_enabled":true,"_links":{"self":[{"href":"https:\/\/politicosaldesnudo.com.mx\/index.php\/wp-json\/wp\/v2\/posts\/62740","targetHints":{"allow":["GET"]}}],"collection":[{"href":"https:\/\/politicosaldesnudo.com.mx\/index.php\/wp-json\/wp\/v2\/posts"}],"about":[{"href":"https:\/\/politicosaldesnudo.com.mx\/index.php\/wp-json\/wp\/v2\/types\/post"}],"author":[{"embeddable":true,"href":"https:\/\/politicosaldesnudo.com.mx\/index.php\/wp-json\/wp\/v2\/users\/4"}],"replies":[{"embeddable":true,"href":"https:\/\/politicosaldesnudo.com.mx\/index.php\/wp-json\/wp\/v2\/comments?post=62740"}],"version-history":[{"count":0,"href":"https:\/\/politicosaldesnudo.com.mx\/index.php\/wp-json\/wp\/v2\/posts\/62740\/revisions"}],"wp:featuredmedia":[{"embeddable":true,"href":"https:\/\/politicosaldesnudo.com.mx\/index.php\/wp-json\/wp\/v2\/media\/46060"}],"wp:attachment":[{"href":"https:\/\/politicosaldesnudo.com.mx\/index.php\/wp-json\/wp\/v2\/media?parent=62740"}],"wp:term":[{"taxonomy":"category","embeddable":true,"href":"https:\/\/politicosaldesnudo.com.mx\/index.php\/wp-json\/wp\/v2\/categories?post=62740"},{"taxonomy":"post_tag","embeddable":true,"href":"https:\/\/politicosaldesnudo.com.mx\/index.php\/wp-json\/wp\/v2\/tags?post=62740"}],"curies":[{"name":"wp","href":"https:\/\/api.w.org\/{rel}","templated":true}]}}