{"id":62742,"date":"2025-05-12T00:01:18","date_gmt":"2025-05-12T06:01:18","guid":{"rendered":"https:\/\/politicosaldesnudo.com.mx\/?p=62742"},"modified":"2025-05-11T21:49:20","modified_gmt":"2025-05-12T03:49:20","slug":"resienten-restauranteros-escasez-de-mariscos","status":"publish","type":"post","link":"https:\/\/politicosaldesnudo.com.mx\/index.php\/2025\/05\/12\/resienten-restauranteros-escasez-de-mariscos\/","title":{"rendered":"Resienten restauranteros escasez de mariscos"},"content":{"rendered":"<p>Los restaurantes dedicados a la venta de pescados y mariscos en est\u00e1n enfrentando una situaci\u00f3n cada vez m\u00e1s cr\u00edtica en las \u00faltimas sem<span id=\"_GoBack\"><\/span>anas debido a una marcada escasez de productos de la laguna y el mar.<\/p>\n<p>Esta problem\u00e1tica no solo dificulta la operaci\u00f3n diaria de los negocios, sino que tambi\u00e9n los obliga a lidiar con un incremento significativo en los precios de las materias primas.<\/p>\n<p>Seg\u00fan testimonios de restauranteros locales, la disponibilidad de pescados y mariscos frescos en la regi\u00f3n ha disminuido considerablemente, esta situaci\u00f3n los ha llevado a buscar alternativas de suministro en otras localidades, como Tamiahua, Saladero e incluso Tampico, lo que inevitablemente eleva los costos de adquisici\u00f3n debido al transporte y a los precios que manejan en dichas zonas.<\/p>\n<p>\u00abHa sido muy complicado conseguir producto fresco \u00faltimamente, antes pod\u00edamos surtirnos localmente sin problema, pero ahora tenemos que hacer pedidos a otros lugares, lo que aumenta mucho nuestros gastos\u00bb, comentaron.<\/p>\n<p>El incremento en los precios de los pescados y mariscos tambi\u00e9n representa un desaf\u00edo para los restauranteros, quienes se ven en la disyuntiva de absorber estos costos o trasladarlos a sus clientes, con el riesgo de afectar sus ventas.<\/p>\n<p>Las causas exactas de esta escasez no han sido confirmadas por las autoridades pesqueras locales, pero algunas posibles explicaciones podr\u00edan incluir factores clim\u00e1ticos, temporadas de veda, o incluso una disminuci\u00f3n en la poblaci\u00f3n de ciertas especies en la zona.<\/p>\n<p>Esta situaci\u00f3n genera preocupaci\u00f3n en el sector restaurantero, ya que la venta de pescados y mariscos representa una parte importante de su actividad econ\u00f3mica, especialmente en una regi\u00f3n costera como esta.<\/p>\n<p>Mientras tanto, los comensales podr\u00edan experimentar una menor variedad en los men\u00fas de sus restaurantes de mariscos y, posiblemente, un ligero incremento en los precios de sus platillos favoritos o de plano que el marisco no est\u00e9 tan fresco como antes.<\/p>\n","protected":false},"excerpt":{"rendered":"<p>Los restaurantes dedicados a la venta de pescados y mariscos en est\u00e1n enfrentando una situaci\u00f3n cada vez m\u00e1s cr\u00edtica en<\/p>\n","protected":false},"author":4,"featured_media":62743,"comment_status":"closed","ping_status":"closed","sticky":false,"template":"","format":"standard","meta":{"colormag_page_container_layout":"default_layout","colormag_page_sidebar_layout":"default_layout","_jetpack_memberships_contains_paid_content":false,"footnotes":"","jetpack_publicize_message":"","jetpack_publicize_feature_enabled":true,"jetpack_social_post_already_shared":false,"jetpack_social_options":{"image_generator_settings":{"template":"highway","default_image_id":0,"font":"","enabled":false},"version":2}},"categories":[1082],"tags":[],"class_list":["post-62742","post","type-post","status-publish","format-standard","has-post-thumbnail","hentry","category-tuxpan"],"jetpack_publicize_connections":[],"jetpack_featured_media_url":"https:\/\/i0.wp.com\/politicosaldesnudo.com.mx\/wp-content\/uploads\/2025\/05\/4a-2.jpg?fit=1280%2C580&ssl=1","jetpack-related-posts":[],"jetpack_sharing_enabled":true,"_links":{"self":[{"href":"https:\/\/politicosaldesnudo.com.mx\/index.php\/wp-json\/wp\/v2\/posts\/62742","targetHints":{"allow":["GET"]}}],"collection":[{"href":"https:\/\/politicosaldesnudo.com.mx\/index.php\/wp-json\/wp\/v2\/posts"}],"about":[{"href":"https:\/\/politicosaldesnudo.com.mx\/index.php\/wp-json\/wp\/v2\/types\/post"}],"author":[{"embeddable":true,"href":"https:\/\/politicosaldesnudo.com.mx\/index.php\/wp-json\/wp\/v2\/users\/4"}],"replies":[{"embeddable":true,"href":"https:\/\/politicosaldesnudo.com.mx\/index.php\/wp-json\/wp\/v2\/comments?post=62742"}],"version-history":[{"count":0,"href":"https:\/\/politicosaldesnudo.com.mx\/index.php\/wp-json\/wp\/v2\/posts\/62742\/revisions"}],"wp:featuredmedia":[{"embeddable":true,"href":"https:\/\/politicosaldesnudo.com.mx\/index.php\/wp-json\/wp\/v2\/media\/62743"}],"wp:attachment":[{"href":"https:\/\/politicosaldesnudo.com.mx\/index.php\/wp-json\/wp\/v2\/media?parent=62742"}],"wp:term":[{"taxonomy":"category","embeddable":true,"href":"https:\/\/politicosaldesnudo.com.mx\/index.php\/wp-json\/wp\/v2\/categories?post=62742"},{"taxonomy":"post_tag","embeddable":true,"href":"https:\/\/politicosaldesnudo.com.mx\/index.php\/wp-json\/wp\/v2\/tags?post=62742"}],"curies":[{"name":"wp","href":"https:\/\/api.w.org\/{rel}","templated":true}]}}