{"id":62772,"date":"2025-05-12T00:11:17","date_gmt":"2025-05-12T06:11:17","guid":{"rendered":"https:\/\/politicosaldesnudo.com.mx\/?p=62772"},"modified":"2025-05-11T22:49:44","modified_gmt":"2025-05-12T04:49:44","slug":"banco-de-mexico-va-por-su-tercer-recorte-consecutivo-de-medio-punto-porcentual","status":"publish","type":"post","link":"https:\/\/politicosaldesnudo.com.mx\/index.php\/2025\/05\/12\/banco-de-mexico-va-por-su-tercer-recorte-consecutivo-de-medio-punto-porcentual\/","title":{"rendered":"Banco de M\u00e9xico va por su tercer recorte consecutivo de medio punto porcentual"},"content":{"rendered":"<p class=\"nota-justify\">El mercado, as\u00ed como el consenso de los analistas, esperan con \u2018bastante convicci\u00f3n\u2019 que el Banco de M\u00e9xico (BdeM) recortar\u00e1 la tasa de referencia, la que determina el costo del cr\u00e9dito al que se financian empresas y personas, este jueves, para situarla en 8.50 por ciento.<\/p>\n<p class=\"nota-justify\">De acuerdo con Jos\u00e9 Carlos S\u00e1nchez-Molotla, economista en jefe de HSBC, el Banco de M\u00e9xico decretar\u00e1 su tercer recorte consecutivo de 0.50 puntos porcentuales. \u201cEs una de las decisiones de los \u00faltimos meses en donde hay un consenso bastante fuerte\u201d.<\/p>\n<p class=\"nota-justify\">Lo anterior, debido a la combinaci\u00f3n de factores locales, como es el tema de la inflaci\u00f3n; el crecimiento que presenta una desaceleraci\u00f3n importante, y tambi\u00e9n temas externos, ligados a otras variables como el tipo de cambio, y cuando se ponen sobre la mesa permiten que pueda haber un proceso de recalibraci\u00f3n como lo ha comunicado el Banco de M\u00e9xico.<\/p>\n<p class=\"nota-justify\">\u201cEs por ello es que tanto el mercado y como el consenso de los analistas esperamos con bastante convicci\u00f3n un recorte de medio punto porcentual\u201d, asegur\u00f3 S\u00e1nchez-Molotla.<\/p>\n<p class=\"nota-justify\">En su participaci\u00f3n en el\u00a0<i>podcast<\/i>\u00a0<i>An\u00e1lisis Biva<\/i>, el economista de HSBC explic\u00f3 que la combinaci\u00f3n de bajo crecimiento e inflaci\u00f3n est\u00e1 permitiendo que el banco central mexicano contin\u00fae con recortes de 0.50 puntos porcentuales, de materializarse el jueves la baja esperada ser\u00eda la tercera de manera consecutiva, y probablemente se vea otro m\u00e1s en junio y despu\u00e9s analizar las condiciones hacia finales del a\u00f1o.<\/p>\n<p class=\"nota-justify\">Pese a que la inflacio\u0301n general aumento\u0301 a 3.93 por ciento en abril desde 3.80 por ciento previo, y se mantuvo en el rango de variabilidad del Banco de M\u00e9xico por cuarto mes consecutivo, es probable que estas cifras no modifiquen la visio\u0301n de la autoridad monetaria, ya que la dina\u0301mica de precios sigue relativamente en li\u0301nea con lo observado en meses previos, consider\u00f3 Kevin Castro, analista econ\u00f3mico de Monex.<\/p>\n","protected":false},"excerpt":{"rendered":"<p>El mercado, as\u00ed como el consenso de los analistas, esperan con \u2018bastante convicci\u00f3n\u2019 que el Banco de M\u00e9xico (BdeM) recortar\u00e1<\/p>\n","protected":false},"author":4,"featured_media":62773,"comment_status":"closed","ping_status":"closed","sticky":false,"template":"","format":"standard","meta":{"colormag_page_container_layout":"default_layout","colormag_page_sidebar_layout":"default_layout","_jetpack_memberships_contains_paid_content":false,"footnotes":"","jetpack_publicize_message":"","jetpack_publicize_feature_enabled":true,"jetpack_social_post_already_shared":false,"jetpack_social_options":{"image_generator_settings":{"template":"highway","default_image_id":0,"font":"","enabled":false},"version":2}},"categories":[2050],"tags":[],"class_list":["post-62772","post","type-post","status-publish","format-standard","has-post-thumbnail","hentry","category-economia"],"jetpack_publicize_connections":[],"jetpack_featured_media_url":"https:\/\/i0.wp.com\/politicosaldesnudo.com.mx\/wp-content\/uploads\/2025\/05\/BAN.jpg?fit=775%2C493&ssl=1","jetpack-related-posts":[],"jetpack_sharing_enabled":true,"_links":{"self":[{"href":"https:\/\/politicosaldesnudo.com.mx\/index.php\/wp-json\/wp\/v2\/posts\/62772","targetHints":{"allow":["GET"]}}],"collection":[{"href":"https:\/\/politicosaldesnudo.com.mx\/index.php\/wp-json\/wp\/v2\/posts"}],"about":[{"href":"https:\/\/politicosaldesnudo.com.mx\/index.php\/wp-json\/wp\/v2\/types\/post"}],"author":[{"embeddable":true,"href":"https:\/\/politicosaldesnudo.com.mx\/index.php\/wp-json\/wp\/v2\/users\/4"}],"replies":[{"embeddable":true,"href":"https:\/\/politicosaldesnudo.com.mx\/index.php\/wp-json\/wp\/v2\/comments?post=62772"}],"version-history":[{"count":0,"href":"https:\/\/politicosaldesnudo.com.mx\/index.php\/wp-json\/wp\/v2\/posts\/62772\/revisions"}],"wp:featuredmedia":[{"embeddable":true,"href":"https:\/\/politicosaldesnudo.com.mx\/index.php\/wp-json\/wp\/v2\/media\/62773"}],"wp:attachment":[{"href":"https:\/\/politicosaldesnudo.com.mx\/index.php\/wp-json\/wp\/v2\/media?parent=62772"}],"wp:term":[{"taxonomy":"category","embeddable":true,"href":"https:\/\/politicosaldesnudo.com.mx\/index.php\/wp-json\/wp\/v2\/categories?post=62772"},{"taxonomy":"post_tag","embeddable":true,"href":"https:\/\/politicosaldesnudo.com.mx\/index.php\/wp-json\/wp\/v2\/tags?post=62772"}],"curies":[{"name":"wp","href":"https:\/\/api.w.org\/{rel}","templated":true}]}}