{"id":62775,"date":"2025-05-12T00:12:18","date_gmt":"2025-05-12T06:12:18","guid":{"rendered":"https:\/\/politicosaldesnudo.com.mx\/?p=62775"},"modified":"2025-05-11T22:51:23","modified_gmt":"2025-05-12T04:51:23","slug":"dice-trump-que-con-su-revolucion-financiera-han-vuelto-a-eu-millones-de-dolares","status":"publish","type":"post","link":"https:\/\/politicosaldesnudo.com.mx\/index.php\/2025\/05\/12\/dice-trump-que-con-su-revolucion-financiera-han-vuelto-a-eu-millones-de-dolares\/","title":{"rendered":"Dice Trump que con su \u201crevoluci\u00f3n financiera\u201d han vuelto a EU millones de d\u00f3lares"},"content":{"rendered":"<p class=\"nota-justify\">El presidente estadunidense, Donald Trump, volvi\u00f3 a defender este domingo su pol\u00edtica arancelaria, al ponderar que desde su mandato han vuelto a su pa\u00eds billones de d\u00f3lares y un n\u00famero r\u00e9cord de empleos, en lo que llam\u00f3 una revoluci\u00f3n financiera.<\/p>\n<p class=\"nota-justify\">\u201cLos est\u00fapidos dem\u00f3cratas est\u00e1n haciendo todo lo posible para desacreditar lo que est\u00e1 sucediendo. Est\u00e1n totalmente desquiciados y han perdido toda confianza. Es una REVOLUCI\u00d3N financiera, y est\u00e1n siendo aplastados\u201d, escribi\u00f3 Trump en su cuenta de Truth Social.<\/p>\n<p class=\"nota-justify\">Adem\u00e1s, Trump revel\u00f3 sus planes para una nueva pol\u00edtica farmac\u00e9utica que, seg\u00fan \u00e9l, reducir\u00e1 el valor de los medicamentos recetados en Estados Unidos hasta en 80 por ciento.<\/p>\n<p class=\"nota-justify\">Los precios \u201csubir\u00e1n en todo el mundo para compensar la balanza y, por primera vez en muchos a\u00f1os, \u00a1traer la EQUIDAD A ESTADOS UNIDOS!\u201d, escribi\u00f3 Trump en una publicaci\u00f3n en redes sociales, a\u00f1adiendo que tiene previsto firmar un decreto el lunes para que la nueva pol\u00edtica entre en vigor.<\/p>\n","protected":false},"excerpt":{"rendered":"<p>El presidente estadunidense, Donald Trump, volvi\u00f3 a defender este domingo su pol\u00edtica arancelaria, al ponderar que desde su mandato han<\/p>\n","protected":false},"author":4,"featured_media":62776,"comment_status":"closed","ping_status":"closed","sticky":false,"template":"","format":"standard","meta":{"colormag_page_container_layout":"default_layout","colormag_page_sidebar_layout":"default_layout","_jetpack_memberships_contains_paid_content":false,"footnotes":"","jetpack_publicize_message":"","jetpack_publicize_feature_enabled":true,"jetpack_social_post_already_shared":false,"jetpack_social_options":{"image_generator_settings":{"template":"highway","default_image_id":0,"font":"","enabled":false},"version":2}},"categories":[2050],"tags":[],"class_list":["post-62775","post","type-post","status-publish","format-standard","has-post-thumbnail","hentry","category-economia"],"jetpack_publicize_connections":[],"jetpack_featured_media_url":"https:\/\/i0.wp.com\/politicosaldesnudo.com.mx\/wp-content\/uploads\/2025\/05\/TRMLL.jpg?fit=620%2C415&ssl=1","jetpack-related-posts":[],"jetpack_sharing_enabled":true,"_links":{"self":[{"href":"https:\/\/politicosaldesnudo.com.mx\/index.php\/wp-json\/wp\/v2\/posts\/62775","targetHints":{"allow":["GET"]}}],"collection":[{"href":"https:\/\/politicosaldesnudo.com.mx\/index.php\/wp-json\/wp\/v2\/posts"}],"about":[{"href":"https:\/\/politicosaldesnudo.com.mx\/index.php\/wp-json\/wp\/v2\/types\/post"}],"author":[{"embeddable":true,"href":"https:\/\/politicosaldesnudo.com.mx\/index.php\/wp-json\/wp\/v2\/users\/4"}],"replies":[{"embeddable":true,"href":"https:\/\/politicosaldesnudo.com.mx\/index.php\/wp-json\/wp\/v2\/comments?post=62775"}],"version-history":[{"count":0,"href":"https:\/\/politicosaldesnudo.com.mx\/index.php\/wp-json\/wp\/v2\/posts\/62775\/revisions"}],"wp:featuredmedia":[{"embeddable":true,"href":"https:\/\/politicosaldesnudo.com.mx\/index.php\/wp-json\/wp\/v2\/media\/62776"}],"wp:attachment":[{"href":"https:\/\/politicosaldesnudo.com.mx\/index.php\/wp-json\/wp\/v2\/media?parent=62775"}],"wp:term":[{"taxonomy":"category","embeddable":true,"href":"https:\/\/politicosaldesnudo.com.mx\/index.php\/wp-json\/wp\/v2\/categories?post=62775"},{"taxonomy":"post_tag","embeddable":true,"href":"https:\/\/politicosaldesnudo.com.mx\/index.php\/wp-json\/wp\/v2\/tags?post=62775"}],"curies":[{"name":"wp","href":"https:\/\/api.w.org\/{rel}","templated":true}]}}