{"id":62784,"date":"2025-05-12T00:15:11","date_gmt":"2025-05-12T06:15:11","guid":{"rendered":"https:\/\/politicosaldesnudo.com.mx\/?p=62784"},"modified":"2025-05-11T22:57:14","modified_gmt":"2025-05-12T04:57:14","slug":"temporada-de-estiaje-incendio-forestal-consume-11-mil-280-hectareas-en-chihuahua","status":"publish","type":"post","link":"https:\/\/politicosaldesnudo.com.mx\/index.php\/2025\/05\/12\/temporada-de-estiaje-incendio-forestal-consume-11-mil-280-hectareas-en-chihuahua\/","title":{"rendered":"Temporada de estiaje: incendio forestal consume 11 mil 280 hect\u00e1reas en Chihuahua"},"content":{"rendered":"<p class=\"nota-justify\">Un incendio forestal en el municipio de Madera, Chihuahua, permanece activo desde el 28 de abril y ha consumido 11 mil 280 hect\u00e1reas, en los predios Cumbres, Caballo, Bellavista, Dos Hermanos y Estaci\u00f3n Chico, as\u00ed como en los ejidos Las Pomas, Playas y Colonia Hero\u00edna, seg\u00fan el reporte de la Comisi\u00f3n Nacional Forestal (Conafor) este domingo.<\/p>\n<p class=\"nota-justify\">Otro incendio forestal tambi\u00e9n en el municipio de Madera, ha quemado mil 395 hect\u00e1reas dentro del \u00c1rea de Protecci\u00f3n de Flora y Fauna Campo Verde, despu\u00e9s de que inici\u00f3 el 5 de mayo, y se mantiene por debajo de 30 por ciento de control y 20 por ciento liquidado hasta hoy.<\/p>\n<p class=\"nota-justify\">Para la contenci\u00f3n de ambos siniestros, la Secretar\u00eda de Desarrollo Rural (SDR) estatal y Protecci\u00f3n Civil trasladaron maquinaria pesada hacia el ejido Ignacio Zaragoza, en la zona contigua al municipio de Casas Grandes, con lo que se pretende apresurar el trabajo de abrir brechas cortafuego, al mismo tiempo que se realiz\u00f3 un sobrevuelo de helic\u00f3ptero, para evaluar las afectaciones.<\/p>\n<p class=\"nota-justify\">Habitantes del seccional El Largo y de ejido Largo Maderal, poblaciones cercanas a donde ocurren los dos incendios, reportaron cortes en el suministro de energ\u00eda el\u00e9ctrica, fallas en telefon\u00eda e Internet, debido a que las llamas alcanzaron postes y l\u00edneas de transmisi\u00f3n.<\/p>\n<p class=\"nota-justify\">La delegaci\u00f3n de Conafor en Chihuahua inform\u00f3 que actualmente se mantienen 11 incendios forestales activos en la entidad, los cuales son atendidos de manera coordinada por 249 personas combatientes; respecto a los dos fuegos en el municipio de Madera, 109 brigadistas se desplegaron desde los ejidos Largo Maderal y Las Pomas.<\/p>\n<p class=\"nota-justify\">Otros municipios de la regi\u00f3n serrana que presentan incendios activos son Guadalupe y Calvo, con cuatro conflagraciones, as\u00ed como Guachochi, Balleza, Moris, Tem\u00f3sachic y Morelos, con una quema en cada municipio.<\/p>\n<p class=\"nota-justify\">En lo que va de 2025, la superficie acumulada que han afectado incendios forestales, en Chihuahua, suman 90 mil 863 hect\u00e1reas.<\/p>\n","protected":false},"excerpt":{"rendered":"<p>Un incendio forestal en el municipio de Madera, Chihuahua, permanece activo desde el 28 de abril y ha consumido 11<\/p>\n","protected":false},"author":4,"featured_media":62785,"comment_status":"closed","ping_status":"closed","sticky":false,"template":"","format":"standard","meta":{"colormag_page_container_layout":"default_layout","colormag_page_sidebar_layout":"default_layout","_jetpack_memberships_contains_paid_content":false,"footnotes":"","jetpack_publicize_message":"","jetpack_publicize_feature_enabled":true,"jetpack_social_post_already_shared":false,"jetpack_social_options":{"image_generator_settings":{"template":"highway","default_image_id":0,"font":"","enabled":false},"version":2}},"categories":[30],"tags":[],"class_list":["post-62784","post","type-post","status-publish","format-standard","has-post-thumbnail","hentry","category-estados"],"jetpack_publicize_connections":[],"jetpack_featured_media_url":"https:\/\/i0.wp.com\/politicosaldesnudo.com.mx\/wp-content\/uploads\/2025\/05\/CHUIU.jpg?fit=764%2C545&ssl=1","jetpack-related-posts":[],"jetpack_sharing_enabled":true,"_links":{"self":[{"href":"https:\/\/politicosaldesnudo.com.mx\/index.php\/wp-json\/wp\/v2\/posts\/62784","targetHints":{"allow":["GET"]}}],"collection":[{"href":"https:\/\/politicosaldesnudo.com.mx\/index.php\/wp-json\/wp\/v2\/posts"}],"about":[{"href":"https:\/\/politicosaldesnudo.com.mx\/index.php\/wp-json\/wp\/v2\/types\/post"}],"author":[{"embeddable":true,"href":"https:\/\/politicosaldesnudo.com.mx\/index.php\/wp-json\/wp\/v2\/users\/4"}],"replies":[{"embeddable":true,"href":"https:\/\/politicosaldesnudo.com.mx\/index.php\/wp-json\/wp\/v2\/comments?post=62784"}],"version-history":[{"count":0,"href":"https:\/\/politicosaldesnudo.com.mx\/index.php\/wp-json\/wp\/v2\/posts\/62784\/revisions"}],"wp:featuredmedia":[{"embeddable":true,"href":"https:\/\/politicosaldesnudo.com.mx\/index.php\/wp-json\/wp\/v2\/media\/62785"}],"wp:attachment":[{"href":"https:\/\/politicosaldesnudo.com.mx\/index.php\/wp-json\/wp\/v2\/media?parent=62784"}],"wp:term":[{"taxonomy":"category","embeddable":true,"href":"https:\/\/politicosaldesnudo.com.mx\/index.php\/wp-json\/wp\/v2\/categories?post=62784"},{"taxonomy":"post_tag","embeddable":true,"href":"https:\/\/politicosaldesnudo.com.mx\/index.php\/wp-json\/wp\/v2\/tags?post=62784"}],"curies":[{"name":"wp","href":"https:\/\/api.w.org\/{rel}","templated":true}]}}