{"id":62787,"date":"2025-05-12T00:16:52","date_gmt":"2025-05-12T06:16:52","guid":{"rendered":"https:\/\/politicosaldesnudo.com.mx\/?p=62787"},"modified":"2025-05-11T22:59:02","modified_gmt":"2025-05-12T04:59:02","slug":"ampliacion-del-puerto-de-progreso-detonara-economia-en-yucatan","status":"publish","type":"post","link":"https:\/\/politicosaldesnudo.com.mx\/index.php\/2025\/05\/12\/ampliacion-del-puerto-de-progreso-detonara-economia-en-yucatan\/","title":{"rendered":"Ampliaci\u00f3n del Puerto de Progreso detonar\u00e1 econom\u00eda en Yucat\u00e1n"},"content":{"rendered":"<p class=\"nota-justify\">La inversi\u00f3n federal y estatal para la ampliaci\u00f3n del Puerto de Altura de Progreso, obra comprometida por la presidenta, Claudia Sheinbaum, como un potencial nodo log\u00edstico y detonante econ\u00f3mico de Yucat\u00e1n y del sureste mexicano en las siguientes d\u00e9cadas, aument\u00f3 a cuatro mil 325 millones de pesos, al pasar de siete mil 900 a 12 mil 225 millones de pesos durante este 2025.<\/p>\n<p class=\"nota-justify\">Al celebrarse la sesi\u00f3n de la mesa comercial del puerto, donde convergen dirigentes de c\u00e1maras empresariales y empresarios del sector de las exportaciones, manufactura y log\u00edstica, el gobernador de Yucat\u00e1n, Joaqu\u00edn D\u00edaz Mena, detall\u00f3 m\u00e1s avances de la inversi\u00f3n al proyecto de ampliaci\u00f3n del Puerto de Altura de Progreso, a ra\u00edz de la reciente visita al estado de Sheinbaum Pardo.<\/p>\n<p class=\"nota-justify\">Ante esta noticia, el consejero nacional del Consejo Nacional de la Industria Maquiladora y Manufacturera de Exportaci\u00f3n (Index) y ex presidente local de los exportadores, Alejandro Guerrero Lozano, calific\u00f3 las nuevas adecuaciones del Puerto de Altura como el \u201cDisney\u201d esperado para detonar a un nuevo Yucat\u00e1n, m\u00e1s industrial y exportador de productos.<\/p>\n<p class=\"nota-justify\">Seg\u00fan el reporte oficial, el presupuesto \u201cbrinc\u00f3\u201d de siete mil 900 millones de pesos -de los cuales mil 500 millones de pesos son aportaci\u00f3n estatal de un cr\u00e9dito de tres mil millones que dej\u00f3 el gobierno anterior y 525 millones de la iniciativa privada- a 12 mil 225 millones de pesos. En total, la nueva inversi\u00f3n federal es de cuatro mil 325 millones de pesos, y todav\u00eda quedan mil 500 millones (la mitad del citado empr\u00e9stito) a disposici\u00f3n para la posibilidad de conectar el Tren Maya de carga directamente con la terminal de Altura.<\/p>\n<p class=\"nota-justify\">El plan contempla la construcci\u00f3n de una plataforma de 80 hect\u00e1reas, que incluir\u00e1 un astillero y terminales especializadas en el manejo de granel mineral, gas licuado, petr\u00f3leo y contenedores, entre otras innovaciones.<\/p>\n<p class=\"nota-justify\">D\u00edaz Mena agreg\u00f3 que el recurso de reserva (mil 500 millones de pesos) se aportar\u00edan si los estudios que efect\u00fae la Secretar\u00eda de Marina (Semar) son favorables para la viabilidad de un viaducto adicional que permita esta conexi\u00f3n ferroviaria.<\/p>\n<p class=\"nota-justify\">El objetivo es consolidar al puerto de Progreso como un nodo log\u00edstico eficiente y competitivo, capaz de posicionarse frente a otros sitios importantes, como el de Veracruz, que actualmente ofrece costos m\u00e1s bajos en transporte de contenedores.<\/p>\n<p class=\"nota-justify\">En su intervenci\u00f3n, el presidente del Consejo Administrativo del Grupo Logra, Gerardo D\u00edaz Roche, destac\u00f3 que, con la ampliaci\u00f3n de la inversi\u00f3n en el Puerto de Altura, el gobierno de Yucat\u00e1n apuesta por el futuro de 50 a 100 a\u00f1os como uno de los polos log\u00edsticos m\u00e1s importantes del sureste de M\u00e9xico.<\/p>\n","protected":false},"excerpt":{"rendered":"<p>La inversi\u00f3n federal y estatal para la ampliaci\u00f3n del Puerto de Altura de Progreso, obra comprometida por la presidenta, Claudia<\/p>\n","protected":false},"author":4,"featured_media":62788,"comment_status":"closed","ping_status":"closed","sticky":false,"template":"","format":"standard","meta":{"colormag_page_container_layout":"default_layout","colormag_page_sidebar_layout":"default_layout","_jetpack_memberships_contains_paid_content":false,"footnotes":"","jetpack_publicize_message":"","jetpack_publicize_feature_enabled":true,"jetpack_social_post_already_shared":false,"jetpack_social_options":{"image_generator_settings":{"template":"highway","default_image_id":0,"font":"","enabled":false},"version":2}},"categories":[30],"tags":[],"class_list":["post-62787","post","type-post","status-publish","format-standard","has-post-thumbnail","hentry","category-estados"],"jetpack_publicize_connections":[],"jetpack_featured_media_url":"https:\/\/i0.wp.com\/politicosaldesnudo.com.mx\/wp-content\/uploads\/2025\/05\/AMPP.jpg?fit=776%2C509&ssl=1","jetpack-related-posts":[],"jetpack_sharing_enabled":true,"_links":{"self":[{"href":"https:\/\/politicosaldesnudo.com.mx\/index.php\/wp-json\/wp\/v2\/posts\/62787","targetHints":{"allow":["GET"]}}],"collection":[{"href":"https:\/\/politicosaldesnudo.com.mx\/index.php\/wp-json\/wp\/v2\/posts"}],"about":[{"href":"https:\/\/politicosaldesnudo.com.mx\/index.php\/wp-json\/wp\/v2\/types\/post"}],"author":[{"embeddable":true,"href":"https:\/\/politicosaldesnudo.com.mx\/index.php\/wp-json\/wp\/v2\/users\/4"}],"replies":[{"embeddable":true,"href":"https:\/\/politicosaldesnudo.com.mx\/index.php\/wp-json\/wp\/v2\/comments?post=62787"}],"version-history":[{"count":0,"href":"https:\/\/politicosaldesnudo.com.mx\/index.php\/wp-json\/wp\/v2\/posts\/62787\/revisions"}],"wp:featuredmedia":[{"embeddable":true,"href":"https:\/\/politicosaldesnudo.com.mx\/index.php\/wp-json\/wp\/v2\/media\/62788"}],"wp:attachment":[{"href":"https:\/\/politicosaldesnudo.com.mx\/index.php\/wp-json\/wp\/v2\/media?parent=62787"}],"wp:term":[{"taxonomy":"category","embeddable":true,"href":"https:\/\/politicosaldesnudo.com.mx\/index.php\/wp-json\/wp\/v2\/categories?post=62787"},{"taxonomy":"post_tag","embeddable":true,"href":"https:\/\/politicosaldesnudo.com.mx\/index.php\/wp-json\/wp\/v2\/tags?post=62787"}],"curies":[{"name":"wp","href":"https:\/\/api.w.org\/{rel}","templated":true}]}}