{"id":62790,"date":"2025-05-12T00:17:46","date_gmt":"2025-05-12T06:17:46","guid":{"rendered":"https:\/\/politicosaldesnudo.com.mx\/?p=62790"},"modified":"2025-05-11T23:00:53","modified_gmt":"2025-05-12T05:00:53","slug":"izquierda-uruguaya-retiene-gobierno-de-montevideo-en-comicios-departamentales","status":"publish","type":"post","link":"https:\/\/politicosaldesnudo.com.mx\/index.php\/2025\/05\/12\/izquierda-uruguaya-retiene-gobierno-de-montevideo-en-comicios-departamentales\/","title":{"rendered":"Izquierda uruguaya retiene gobierno de Montevideo en comicios departamentales"},"content":{"rendered":"<p class=\"nota-justify\">El Frente Amplio (centroizquierda) de Uruguay retuvo la Intendencia de Montevideo, que ser\u00e1 liderada hasta 2030 por Mario Bergara, ex ministro de Econom\u00eda, seg\u00fan los resultados preliminares de las elecciones departamentales y municipales celebradas el domingo en todo el pa\u00eds.<\/p>\n<p class=\"nota-justify\">El partido del actual presidente de la naci\u00f3n, Yamand\u00fa Orsi, recibi\u00f3 49,4 por ciento de los votos en la capital, contra 40,7 por ciento de la Coalici\u00f3n Republicana (centroderecha), seg\u00fan las proyecciones de la consultora Usina de Percepci\u00f3n Ciudadana.<\/p>\n<p class=\"nota-justify\">Se trata del octavo triunfo frenteamplista consecutivo en la principal ciudad del pa\u00eds, con 1,3 millones de habitantes, desde que Tabar\u00e9 V\u00e1zquez (luego presidente entre 2005 y 2010 y entre 2015 y 2020) fue electo intendente y la convirti\u00f3 en el principal baluarte electoral de la izquierda.<\/p>\n<p class=\"nota-justify\">\u00abVenimos a continuar siete administraciones frenteamplistas que han cambiado Montevideo (\u2026) No vamos a dudar ni un instante en dar continuidad a una gesti\u00f3n con esos valores\u00bb, afirm\u00f3 al celebrar el triunfo con sus seguidores Bergara, quien ocup\u00f3 la cartera de Econom\u00eda durante el Gobierno de Jos\u00e9 \u00abPepe\u00bb Mujica (2010-2015).<\/p>\n<p class=\"nota-justify\">El nuevo intendente, quien tambi\u00e9n se desempe\u00f1\u00f3 como presidente del Banco Central, tendr\u00e1 como principal desaf\u00edo atender el problema de la limpieza de la ciudad, uno de los puntos m\u00e1s cuestionados por su principal rival, Mart\u00edn Lema, del Partido Nacional (centroderecha) -integrante de la Coalici\u00f3n Republicana- y cercano al expresidente Luis Lacalle Pou (2020-2025).<\/p>\n<p class=\"nota-justify\">El Frente Amplio tambi\u00e9n se asegur\u00f3 una quinta administraci\u00f3n consecutiva en el segundo departamento m\u00e1s importante del pa\u00eds, Canelones (sur), con la elecci\u00f3n como intendente de Francisco Legnani, y recuper\u00f3 R\u00edo Negro (oeste), con el triunfo de Guillermo Levratto.<\/p>\n<p class=\"nota-justify\">Mientras, el tambi\u00e9n coalicionista Partido Colorado (centroderecha) mantendr\u00eda el departamento de Rivera (noreste), y el Partido Nacional se quedar\u00eda con el resto de los 19 departamentos del pa\u00eds, incluyendo a Maldonado (sudeste), que alberga la tur\u00edstica ciudad de Punta del Este, con el triunfo de Miguel Abella.<\/p>\n<p class=\"nota-justify\">Seg\u00fan los datos preliminares, en Salto (noroeste) parece seguro el triunfo de la Coalici\u00f3n Republicana, que en ese departamento, as\u00ed como en Montevideo y Canelones, se present\u00f3 bajo un lema \u00fanico.<\/p>\n<p class=\"nota-justify\">M\u00e1s de 2,7 millones de uruguayos estuvieron convocados este domingo para elegir al intendente de su departamento, as\u00ed como ediles de la Junta Departamental, alcaldes y concejales.<\/p>\n<p class=\"nota-justify\">Este pa\u00eds cerr\u00f3 as\u00ed un largo ciclo electoral que comenz\u00f3 en junio de 2024 con las elecciones internas de los partidos pol\u00edticos, sigui\u00f3 en octubre con la primera vuelta de las presidenciales y en noviembre con el balotaje, donde result\u00f3 electo Orsi, quien asumi\u00f3 el 1 de marzo.<\/p>\n","protected":false},"excerpt":{"rendered":"<p>El Frente Amplio (centroizquierda) de Uruguay retuvo la Intendencia de Montevideo, que ser\u00e1 liderada hasta 2030 por Mario Bergara, ex<\/p>\n","protected":false},"author":4,"featured_media":62791,"comment_status":"closed","ping_status":"closed","sticky":false,"template":"","format":"standard","meta":{"colormag_page_container_layout":"default_layout","colormag_page_sidebar_layout":"default_layout","_jetpack_memberships_contains_paid_content":false,"footnotes":"","jetpack_publicize_message":"","jetpack_publicize_feature_enabled":true,"jetpack_social_post_already_shared":false,"jetpack_social_options":{"image_generator_settings":{"template":"highway","default_image_id":0,"font":"","enabled":false},"version":2}},"categories":[28],"tags":[],"class_list":["post-62790","post","type-post","status-publish","format-standard","has-post-thumbnail","hentry","category-internacional"],"jetpack_publicize_connections":[],"jetpack_featured_media_url":"https:\/\/i0.wp.com\/politicosaldesnudo.com.mx\/wp-content\/uploads\/2025\/05\/URU.jpg?fit=619%2C416&ssl=1","jetpack-related-posts":[],"jetpack_sharing_enabled":true,"_links":{"self":[{"href":"https:\/\/politicosaldesnudo.com.mx\/index.php\/wp-json\/wp\/v2\/posts\/62790","targetHints":{"allow":["GET"]}}],"collection":[{"href":"https:\/\/politicosaldesnudo.com.mx\/index.php\/wp-json\/wp\/v2\/posts"}],"about":[{"href":"https:\/\/politicosaldesnudo.com.mx\/index.php\/wp-json\/wp\/v2\/types\/post"}],"author":[{"embeddable":true,"href":"https:\/\/politicosaldesnudo.com.mx\/index.php\/wp-json\/wp\/v2\/users\/4"}],"replies":[{"embeddable":true,"href":"https:\/\/politicosaldesnudo.com.mx\/index.php\/wp-json\/wp\/v2\/comments?post=62790"}],"version-history":[{"count":0,"href":"https:\/\/politicosaldesnudo.com.mx\/index.php\/wp-json\/wp\/v2\/posts\/62790\/revisions"}],"wp:featuredmedia":[{"embeddable":true,"href":"https:\/\/politicosaldesnudo.com.mx\/index.php\/wp-json\/wp\/v2\/media\/62791"}],"wp:attachment":[{"href":"https:\/\/politicosaldesnudo.com.mx\/index.php\/wp-json\/wp\/v2\/media?parent=62790"}],"wp:term":[{"taxonomy":"category","embeddable":true,"href":"https:\/\/politicosaldesnudo.com.mx\/index.php\/wp-json\/wp\/v2\/categories?post=62790"},{"taxonomy":"post_tag","embeddable":true,"href":"https:\/\/politicosaldesnudo.com.mx\/index.php\/wp-json\/wp\/v2\/tags?post=62790"}],"curies":[{"name":"wp","href":"https:\/\/api.w.org\/{rel}","templated":true}]}}