{"id":62793,"date":"2025-05-12T00:18:35","date_gmt":"2025-05-12T06:18:35","guid":{"rendered":"https:\/\/politicosaldesnudo.com.mx\/?p=62793"},"modified":"2025-05-11T23:02:44","modified_gmt":"2025-05-12T05:02:44","slug":"hamas-anuncia-que-liberara-al-rehen-israeli-estadunidense-edan-alexander","status":"publish","type":"post","link":"https:\/\/politicosaldesnudo.com.mx\/index.php\/2025\/05\/12\/hamas-anuncia-que-liberara-al-rehen-israeli-estadunidense-edan-alexander\/","title":{"rendered":"Hamas anuncia que liberar\u00e1 al reh\u00e9n israel\u00ed-estadunidense Edan Alexander"},"content":{"rendered":"<p>El movimiento islamista palestino Hamas anunci\u00f3 el domingo que, tras discusiones con representantes de Estados Unidos sobre una tregua en Gaza, liberar\u00e1 al reh\u00e9n israel\u00ed-estadunidense Edan Alexander, retenido desde los ataques del 7 de octubre de 2023 contra Israel que desencadenaron la guerra.<\/p>\n<p>\u00abEdan Alexander ser\u00e1 liberado como parte de los esfuerzos para un alto el fuego, la apertura de puntos de paso y la entrada de ayuda y [servicios] de rescate a nuestro pueblo\u00bb en Gaza, dijo en un comunicado Hamas, que gobierna ese asolado territorio palestino.<\/p>\n<p>Tras el anuncio, el primer ministro israel\u00ed, Benjamin Netanyahu, insisti\u00f3 en que su pa\u00eds continuar\u00e1 los combates en la Franja.<\/p>\n<p>\u00abDe acuerdo con la pol\u00edtica de Israel, las negociaciones tendr\u00e1n lugar bajo el fuego con el compromiso de alcanzar todos los objetivos de la guerra\u00bb, se\u00f1al\u00f3 la oficina de Netanyahu en un comunicado.<\/p>\n<p>Hamas, en su anuncio, dijo estar \u00ablisto para iniciar de inmediato negociaciones intensivas y hacer serios esfuerzos para llegar a un acuerdo final sobre el cese de la guerra\u00bb o \u00abel intercambio de prisioneros [rehenes israel\u00edes por presos palestinos]\u00bb.<\/p>\n<p>Tambi\u00e9n sobre \u00abla gesti\u00f3n de la Franja de Gaza por parte de un organismo profesional independiente, con el objetivo de garantizar el mantenimiento de la calma y la estabilidad durante muchos a\u00f1os, adem\u00e1s de la reconstrucci\u00f3n y el fin del asedio\u00bb.<\/p>\n<p>Edan Alexander, de 21 a\u00f1os, fue capturado durante el ataque del 7 de octubre mientras serv\u00eda en una unidad de \u00e9lite cerca de Gaza.<\/p>\n<p>El 15 de abril, Hamas afirm\u00f3 haber perdido contacto, tras un ataque israel\u00ed, con el grupo que manten\u00eda al reh\u00e9n en la Franja.<\/p>\n<p>De las 251 personas secuestradas en Israel durante el ataque de 2023, 58 siguen detenidas en Gaza, incluidas 34 declaradas muertas por el ej\u00e9rcito israel\u00ed.<\/p>\n<p>La familia de Alexander fue informada de su \u00abposible liberaci\u00f3n en los pr\u00f3ximos d\u00edas\u00bb, anunci\u00f3 en un comunicado el Foro de Familias de Rehenes, la principal agrupaci\u00f3n que re\u00fane en Israel a los seres queridos de los cautivos en poder de Hamas.<\/p>\n<p>El anuncio del grupo islamista se produce antes de la visita a Oriente Medio del presidente estadunidense, Donald Trump. El magnate republicano visitar\u00e1 Arabia Saudita, Catar y Emiratos \u00c1rabes Unidos del 13 al 16 de mayo.<\/p>\n","protected":false},"excerpt":{"rendered":"<p>El movimiento islamista palestino Hamas anunci\u00f3 el domingo que, tras discusiones con representantes de Estados Unidos sobre una tregua en<\/p>\n","protected":false},"author":4,"featured_media":62794,"comment_status":"closed","ping_status":"closed","sticky":false,"template":"","format":"standard","meta":{"colormag_page_container_layout":"default_layout","colormag_page_sidebar_layout":"default_layout","_jetpack_memberships_contains_paid_content":false,"footnotes":"","jetpack_publicize_message":"","jetpack_publicize_feature_enabled":true,"jetpack_social_post_already_shared":false,"jetpack_social_options":{"image_generator_settings":{"template":"highway","default_image_id":0,"font":"","enabled":false},"version":2}},"categories":[28],"tags":[],"class_list":["post-62793","post","type-post","status-publish","format-standard","has-post-thumbnail","hentry","category-internacional"],"jetpack_publicize_connections":[],"jetpack_featured_media_url":"https:\/\/i0.wp.com\/politicosaldesnudo.com.mx\/wp-content\/uploads\/2025\/05\/LIB.jpg?fit=771%2C509&ssl=1","jetpack-related-posts":[],"jetpack_sharing_enabled":true,"_links":{"self":[{"href":"https:\/\/politicosaldesnudo.com.mx\/index.php\/wp-json\/wp\/v2\/posts\/62793","targetHints":{"allow":["GET"]}}],"collection":[{"href":"https:\/\/politicosaldesnudo.com.mx\/index.php\/wp-json\/wp\/v2\/posts"}],"about":[{"href":"https:\/\/politicosaldesnudo.com.mx\/index.php\/wp-json\/wp\/v2\/types\/post"}],"author":[{"embeddable":true,"href":"https:\/\/politicosaldesnudo.com.mx\/index.php\/wp-json\/wp\/v2\/users\/4"}],"replies":[{"embeddable":true,"href":"https:\/\/politicosaldesnudo.com.mx\/index.php\/wp-json\/wp\/v2\/comments?post=62793"}],"version-history":[{"count":0,"href":"https:\/\/politicosaldesnudo.com.mx\/index.php\/wp-json\/wp\/v2\/posts\/62793\/revisions"}],"wp:featuredmedia":[{"embeddable":true,"href":"https:\/\/politicosaldesnudo.com.mx\/index.php\/wp-json\/wp\/v2\/media\/62794"}],"wp:attachment":[{"href":"https:\/\/politicosaldesnudo.com.mx\/index.php\/wp-json\/wp\/v2\/media?parent=62793"}],"wp:term":[{"taxonomy":"category","embeddable":true,"href":"https:\/\/politicosaldesnudo.com.mx\/index.php\/wp-json\/wp\/v2\/categories?post=62793"},{"taxonomy":"post_tag","embeddable":true,"href":"https:\/\/politicosaldesnudo.com.mx\/index.php\/wp-json\/wp\/v2\/tags?post=62793"}],"curies":[{"name":"wp","href":"https:\/\/api.w.org\/{rel}","templated":true}]}}