{"id":62862,"date":"2025-05-13T00:10:46","date_gmt":"2025-05-13T06:10:46","guid":{"rendered":"https:\/\/politicosaldesnudo.com.mx\/?p=62862"},"modified":"2025-05-12T22:37:54","modified_gmt":"2025-05-13T04:37:54","slug":"firma-trump-decreto-para-disminuir-precios-de-medicamentos-hasta-un-90","status":"publish","type":"post","link":"https:\/\/politicosaldesnudo.com.mx\/index.php\/2025\/05\/13\/firma-trump-decreto-para-disminuir-precios-de-medicamentos-hasta-un-90\/","title":{"rendered":"Firma Trump decreto para disminuir precios de medicamentos hasta un 90%"},"content":{"rendered":"<p class=\"nota-justify\">El presidente de Estados Unidos, Donald Trump, firm\u00f3 el lunes un decreto de amplio alcance que ordena a las farmac\u00e9uticas bajar los precios de sus medicamentos para alinearlos con lo que pagan otros pa\u00edses, pero que seg\u00fan analistas y expertos legales ser\u00e1 dif\u00edcil de aplicar.<\/p>\n<p class=\"nota-justify\">El decreto da a los fabricantes de medicamentos objetivos de precios en los pr\u00f3ximos 30 d\u00edas, y tomar\u00e1 nuevas medidas para bajarlos si las empresas no \u201cavanzan significativamente\u201d hacia esos objetivos en los pr\u00f3ximos seis meses.<\/p>\n<p class=\"nota-justify\">Trump dijo en una rueda de prensa que el gobierno impondr\u00eda aranceles a las empresas si los precios en Estados Unidos no se igualaban a los de otros pa\u00edses y dijo que buscaba recortes de entre 59 y 90 por ciento.<\/p>\n<p class=\"nota-justify\">\u201cTodo el mundo deber\u00eda igualarse. Todo el mundo deber\u00eda pagar el mismo precio\u201d, dijo Trump.<\/p>\n<p class=\"nota-justify\">El mandatario republicano asegur\u00f3 que se castigar\u00e1 a los Estados extranjeros que se nieguen a \u201cigualar\u201d los precios de sus medicamentos con los de Estados Unidos o que \u201cextorsionen\u201d a las compa\u00f1\u00edas farmac\u00e9uticas para que bajen sus precios.<\/p>\n<p class=\"nota-justify\">En ese sentido, Trump arremeti\u00f3 contra la Uni\u00f3n Europea (UE), conformada por 27 naciones, y amenaz\u00f3 al sector automotriz europeo si la UE no acepta pagar m\u00e1s por los f\u00e1rmacos.<\/p>\n<p class=\"nota-justify\">\u201cLa Uni\u00f3n Europea ha sido brutal, brutal. Y las compa\u00f1\u00edas farmac\u00e9uticas me contaron historias de c\u00f3mo las forzaron, que fue brutal\u201d.<\/p>\n<p class=\"nota-justify\">\u201cVamos a decirles a esos pa\u00edses, como los representados por la Uni\u00f3n Europea, que se acab\u00f3 el juego, lo siento. Y si quieren hacerse los graciosos, entonces ya no har\u00e1 falta que vendan coches a Estados Unidos\u201d, afirm\u00f3 en declaraciones recogidas por\u00a0<i>Financial Times.<\/i><\/p>\n<p class=\"nota-justify\">A diferencia de Europa, los programas de seguros respaldados por el gobierno estadunidense no pueden negociar ciertos precios de los medicamentos con las farmac\u00e9uticas.<\/p>\n<p class=\"nota-justify\">Por ello, Trump pretende invocar la cl\u00e1usula de \u201cnaci\u00f3n m\u00e1s favorecida\u201d para obligar al sector a comercializar en Norteam\u00e9rica los medicamentos a los precios m\u00e1s bajos que haya en el resto del mundo.<\/p>\n<p class=\"nota-justify\">El plan del presidente estadunidense contar\u00e1 principalmente con la buena voluntad de las farmac\u00e9uticas para negociar sus precios y podr\u00eda enfrentarse a desaf\u00edos legales, como ocurri\u00f3 con una propuesta similar impulsada por \u00e9l durante su primer mandato (2017-2021).<\/p>\n<p class=\"nota-justify\">Los inversores se mostraron esc\u00e9pticos sobre la aplicaci\u00f3n de la medida, y las acciones, que hab\u00edan bajado durante la noche por la amenaza de precios de \u201cnaci\u00f3n m\u00e1s favorecida\u201d, se recuperaron.<\/p>\n","protected":false},"excerpt":{"rendered":"<p>El presidente de Estados Unidos, Donald Trump, firm\u00f3 el lunes un decreto de amplio alcance que ordena a las farmac\u00e9uticas<\/p>\n","protected":false},"author":4,"featured_media":62863,"comment_status":"closed","ping_status":"closed","sticky":false,"template":"","format":"standard","meta":{"colormag_page_container_layout":"default_layout","colormag_page_sidebar_layout":"default_layout","_jetpack_memberships_contains_paid_content":false,"footnotes":"","jetpack_publicize_message":"","jetpack_publicize_feature_enabled":true,"jetpack_social_post_already_shared":false,"jetpack_social_options":{"image_generator_settings":{"template":"highway","default_image_id":0,"font":"","enabled":false},"version":2}},"categories":[2050],"tags":[],"class_list":["post-62862","post","type-post","status-publish","format-standard","has-post-thumbnail","hentry","category-economia"],"jetpack_publicize_connections":[],"jetpack_featured_media_url":"https:\/\/i0.wp.com\/politicosaldesnudo.com.mx\/wp-content\/uploads\/2025\/05\/TRMED.jpg?fit=608%2C412&ssl=1","jetpack-related-posts":[],"jetpack_sharing_enabled":true,"_links":{"self":[{"href":"https:\/\/politicosaldesnudo.com.mx\/index.php\/wp-json\/wp\/v2\/posts\/62862","targetHints":{"allow":["GET"]}}],"collection":[{"href":"https:\/\/politicosaldesnudo.com.mx\/index.php\/wp-json\/wp\/v2\/posts"}],"about":[{"href":"https:\/\/politicosaldesnudo.com.mx\/index.php\/wp-json\/wp\/v2\/types\/post"}],"author":[{"embeddable":true,"href":"https:\/\/politicosaldesnudo.com.mx\/index.php\/wp-json\/wp\/v2\/users\/4"}],"replies":[{"embeddable":true,"href":"https:\/\/politicosaldesnudo.com.mx\/index.php\/wp-json\/wp\/v2\/comments?post=62862"}],"version-history":[{"count":0,"href":"https:\/\/politicosaldesnudo.com.mx\/index.php\/wp-json\/wp\/v2\/posts\/62862\/revisions"}],"wp:featuredmedia":[{"embeddable":true,"href":"https:\/\/politicosaldesnudo.com.mx\/index.php\/wp-json\/wp\/v2\/media\/62863"}],"wp:attachment":[{"href":"https:\/\/politicosaldesnudo.com.mx\/index.php\/wp-json\/wp\/v2\/media?parent=62862"}],"wp:term":[{"taxonomy":"category","embeddable":true,"href":"https:\/\/politicosaldesnudo.com.mx\/index.php\/wp-json\/wp\/v2\/categories?post=62862"},{"taxonomy":"post_tag","embeddable":true,"href":"https:\/\/politicosaldesnudo.com.mx\/index.php\/wp-json\/wp\/v2\/tags?post=62862"}],"curies":[{"name":"wp","href":"https:\/\/api.w.org\/{rel}","templated":true}]}}