{"id":62886,"date":"2025-05-13T00:18:10","date_gmt":"2025-05-13T06:18:10","guid":{"rendered":"https:\/\/politicosaldesnudo.com.mx\/?p=62886"},"modified":"2025-05-12T23:06:29","modified_gmt":"2025-05-13T05:06:29","slug":"ice-arresta-a-422-migrantes-durante-una-semana-en-houston","status":"publish","type":"post","link":"https:\/\/politicosaldesnudo.com.mx\/index.php\/2025\/05\/13\/ice-arresta-a-422-migrantes-durante-una-semana-en-houston\/","title":{"rendered":"ICE arresta a 422 migrantes durante una semana en Houston"},"content":{"rendered":"<p class=\"nota-justify\">El Servicio de Inmigraci\u00f3n y Control de Aduanas, (ICE por sus siglas en ingl\u00e9s) y oficiales de deportaci\u00f3n, arrestaron a 422 presuntos migrantes indocumentados durante una operaci\u00f3n que dur\u00f3 una semana en Houston, report\u00f3<i>\u00a0Fox News<\/i>.<\/p>\n<p class=\"nota-justify\">De los 422 arrestos, 262 individuos tienen condenas penales, 34 tienen condenas pendientes, 126 tienen otras violaciones de migraci\u00f3n y 229 ten\u00edan \u00f3rdenes finales de deportaci\u00f3n, inform\u00f3 el ICE.<\/p>\n<p class=\"nota-justify\">\u00abEstamos investigando la base de datos para identificar a los peores de entre los peores, aquellos que representan la mayor amenaza para la seguridad p\u00fablica\u00bb, asegur\u00f3 Bret Bradford, director de ICE Houston. \u00abY luego queremos revisar la informaci\u00f3n que tenemos sobre ese individuo\u2026 salir a vigilarlo para ver si podemos encontrar un patr\u00f3n de movimientos y comportamiento de los sujetos\u201d a\u00f1adi\u00f3. Sus principales objetivos son aquellos individuos con mayor probabilidad de encontrarlos y arrestarlos.<\/p>\n<p class=\"nota-justify\">Durante el operativo, los agentes de ICE se centraron en capturar a algunos de los criminales que catalogaron como \u201cm\u00e1s peligrosos\u201d, entre ellos se encontraba un migrante sin papeles buscado en Colombia por cargos de asesinato. Fox News transmiti\u00f3 en exclusiva durante 10 horas mientras los oficiales de ICE arrestaron al colmbiano en su complejo de apartamentos.<\/p>\n<p class=\"nota-justify\">\u00abTiene una condena por homicidio en Colombia y fue sentenciado a 21 a\u00f1os de prisi\u00f3n all\u00ed\u00bb, declar\u00f3 Bradford. \u00abEntr\u00f3 ilegalmente a Estados Unidos en febrero de 2024, se le fij\u00f3 una fecha para una audiencia de migraci\u00f3n y fue liberado. No se present\u00f3 a la audiencia, por lo que en marzo de este a\u00f1o un juez de migraci\u00f3n orden\u00f3 su deportaci\u00f3n\u201d.<\/p>\n<p class=\"nota-justify\">Durante el operativo, un presunto delincuente extranjero de 40 a\u00f1os, quien ha sido deportado dos veces desde M\u00e9xico, intent\u00f3 huir en su veh\u00edculo y luego a pie antes de ser capturado. Seg\u00fan el ICE, H\u00e9ctor Castillo-Garc\u00eda fue condenado por varios cargos mientras se encontraba en situaci\u00f3n de irregularidad en territorio estadunidense, incluyendo incendio provocado, agresi\u00f3n con arma mortal y conducir en estado de ebriedad.<\/p>\n<p class=\"nota-justify\">El ICE est\u00e1 intensificando sus esfuerzos para expulsar a los migrantes indocumentados transfiriendo r\u00e1pidamente a aquellos con \u00f3rdenes de expulsi\u00f3n definitivas a centros designados, donde son deportados inmediatamente a sus pa\u00edses de origen. Este sistema que acelera el proceso de remoci\u00f3n, comenz\u00f3 a funcionar recientemente, seg\u00fan el director de campo del ICE.<\/p>\n<p class=\"nota-justify\">\u00abPodemos arrestar al individuo esta ma\u00f1ana, procesarlo esta tarde y enviarlo a un vuelo de deportaci\u00f3n esta noche, el mismo d\u00eda, ahorrando costos al contribuyente y haciendo que el proceso sea m\u00e1s eficiente y r\u00e1pido para sacar a estas personas del pa\u00eds\u00bb, puntualiz\u00f3 Bradford.<\/p>\n","protected":false},"excerpt":{"rendered":"<p>El Servicio de Inmigraci\u00f3n y Control de Aduanas, (ICE por sus siglas en ingl\u00e9s) y oficiales de deportaci\u00f3n, arrestaron a<\/p>\n","protected":false},"author":4,"featured_media":62887,"comment_status":"closed","ping_status":"closed","sticky":false,"template":"","format":"standard","meta":{"colormag_page_container_layout":"default_layout","colormag_page_sidebar_layout":"default_layout","_jetpack_memberships_contains_paid_content":false,"footnotes":"","jetpack_publicize_message":"","jetpack_publicize_feature_enabled":true,"jetpack_social_post_already_shared":false,"jetpack_social_options":{"image_generator_settings":{"template":"highway","default_image_id":0,"font":"","enabled":false},"version":2}},"categories":[28],"tags":[],"class_list":["post-62886","post","type-post","status-publish","format-standard","has-post-thumbnail","hentry","category-internacional"],"jetpack_publicize_connections":[],"jetpack_featured_media_url":"https:\/\/i0.wp.com\/politicosaldesnudo.com.mx\/wp-content\/uploads\/2025\/05\/ICE.jpg?fit=767%2C517&ssl=1","jetpack-related-posts":[],"jetpack_sharing_enabled":true,"_links":{"self":[{"href":"https:\/\/politicosaldesnudo.com.mx\/index.php\/wp-json\/wp\/v2\/posts\/62886","targetHints":{"allow":["GET"]}}],"collection":[{"href":"https:\/\/politicosaldesnudo.com.mx\/index.php\/wp-json\/wp\/v2\/posts"}],"about":[{"href":"https:\/\/politicosaldesnudo.com.mx\/index.php\/wp-json\/wp\/v2\/types\/post"}],"author":[{"embeddable":true,"href":"https:\/\/politicosaldesnudo.com.mx\/index.php\/wp-json\/wp\/v2\/users\/4"}],"replies":[{"embeddable":true,"href":"https:\/\/politicosaldesnudo.com.mx\/index.php\/wp-json\/wp\/v2\/comments?post=62886"}],"version-history":[{"count":0,"href":"https:\/\/politicosaldesnudo.com.mx\/index.php\/wp-json\/wp\/v2\/posts\/62886\/revisions"}],"wp:featuredmedia":[{"embeddable":true,"href":"https:\/\/politicosaldesnudo.com.mx\/index.php\/wp-json\/wp\/v2\/media\/62887"}],"wp:attachment":[{"href":"https:\/\/politicosaldesnudo.com.mx\/index.php\/wp-json\/wp\/v2\/media?parent=62886"}],"wp:term":[{"taxonomy":"category","embeddable":true,"href":"https:\/\/politicosaldesnudo.com.mx\/index.php\/wp-json\/wp\/v2\/categories?post=62886"},{"taxonomy":"post_tag","embeddable":true,"href":"https:\/\/politicosaldesnudo.com.mx\/index.php\/wp-json\/wp\/v2\/tags?post=62886"}],"curies":[{"name":"wp","href":"https:\/\/api.w.org\/{rel}","templated":true}]}}