{"id":62889,"date":"2025-05-13T00:19:36","date_gmt":"2025-05-13T06:19:36","guid":{"rendered":"https:\/\/politicosaldesnudo.com.mx\/?p=62889"},"modified":"2025-05-12T23:08:43","modified_gmt":"2025-05-13T05:08:43","slug":"ex-presidente-filipino-gana-elecciones-a-alcalde-desde-una-celda-en-la-haya","status":"publish","type":"post","link":"https:\/\/politicosaldesnudo.com.mx\/index.php\/2025\/05\/13\/ex-presidente-filipino-gana-elecciones-a-alcalde-desde-una-celda-en-la-haya\/","title":{"rendered":"Ex presidente filipino gana elecciones a alcalde desde una celda en La Haya"},"content":{"rendered":"<p class=\"nota-justify\">El ex presidente de Filipinas Rodrigo Duterte, encarcelado en la Corte Penal Internacional por presuntos cr\u00edmenes contra la humanidad, gan\u00f3 de forma aplastante las elecciones a alcalde en el basti\u00f3n familiar de Davao, seg\u00fan los primeros resultados.<\/p>\n<p class=\"nota-justify\">El influyente pol\u00edtico de 80 a\u00f1os fue arrestado el 11 de marzo en el aeropuerto internacional de Manila y trasladado al tribunal con sede en La Haya por acusaciones vinculadas a la mort\u00edfera guerra antidrogas de su mandato (2016-2022).<\/p>\n<p class=\"nota-justify\">Duterte reivindica esa pol\u00edtica de dura represi\u00f3n contra el narcotr\u00e1fico que se cobr\u00f3 decenas de miles de vidas, en su mayor\u00eda de hombres pobres, a menudo sin pruebas de su v\u00ednculo con actividades il\u00edcitas.<\/p>\n<p class=\"nota-justify\">Pese a estar retenido en La Haya, Duterte compiti\u00f3 por la alcald\u00eda de Davao, la tercera m\u00e1s poblada del pa\u00eds con 1.8 millones de habitantes, que ya gobern\u00f3 antes de ser presidente.<\/p>\n<p class=\"nota-justify\">Con 77 por ciento de las papeletas escrutadas, Duterte obtuvo unos 636 mil votos, contra 78 mil para su rival m\u00e1s pr\u00f3ximo, seg\u00fan los resultados de la comisi\u00f3n electoral publicados en la prensa local.<\/p>\n<p class=\"nota-justify\">No est\u00e1 claro qu\u00e9 papel desempe\u00f1ar\u00e1 el ex presidente para gobernar esta ciudad desde la c\u00e1rcel en Pa\u00edses Bajos.<\/p>\n<p class=\"nota-justify\">Su hija Sara, destituida en febrero como vicepresidenta, asegur\u00f3 a la prensa despu\u00e9s de votar este lunes que ya estaban planificando con sus abogados c\u00f3mo pod\u00eda convertirse oficialmente en alcalde.<\/p>\n<p class=\"nota-justify\">Millones de filipinos fueron llamados a las urnas para unas elecciones intermedias en las que se deciden m\u00e1s de 18 mil cargos, desde esca\u00f1os en la C\u00e1mara de Representantes a alcald\u00edas municipales.<\/p>\n<p class=\"nota-justify\">Los comicios se consideran un refer\u00e9ndum entre los Duterte y el presidente Ferdinand Marcos, hijo del ex dictador filipino, enfrentados tanto por la destituci\u00f3n de la vicepresidenta como por la detenci\u00f3n y env\u00edo a La Haya de su padre.<\/p>\n","protected":false},"excerpt":{"rendered":"<p>El ex presidente de Filipinas Rodrigo Duterte, encarcelado en la Corte Penal Internacional por presuntos cr\u00edmenes contra la humanidad, gan\u00f3<\/p>\n","protected":false},"author":4,"featured_media":62890,"comment_status":"closed","ping_status":"closed","sticky":false,"template":"","format":"standard","meta":{"colormag_page_container_layout":"default_layout","colormag_page_sidebar_layout":"default_layout","_jetpack_memberships_contains_paid_content":false,"footnotes":"","jetpack_publicize_message":"","jetpack_publicize_feature_enabled":true,"jetpack_social_post_already_shared":false,"jetpack_social_options":{"image_generator_settings":{"template":"highway","default_image_id":0,"font":"","enabled":false},"version":2}},"categories":[28],"tags":[],"class_list":["post-62889","post","type-post","status-publish","format-standard","has-post-thumbnail","hentry","category-internacional"],"jetpack_publicize_connections":[],"jetpack_featured_media_url":"https:\/\/i0.wp.com\/politicosaldesnudo.com.mx\/wp-content\/uploads\/2025\/05\/FIL.jpg?fit=620%2C379&ssl=1","jetpack-related-posts":[],"jetpack_sharing_enabled":true,"_links":{"self":[{"href":"https:\/\/politicosaldesnudo.com.mx\/index.php\/wp-json\/wp\/v2\/posts\/62889","targetHints":{"allow":["GET"]}}],"collection":[{"href":"https:\/\/politicosaldesnudo.com.mx\/index.php\/wp-json\/wp\/v2\/posts"}],"about":[{"href":"https:\/\/politicosaldesnudo.com.mx\/index.php\/wp-json\/wp\/v2\/types\/post"}],"author":[{"embeddable":true,"href":"https:\/\/politicosaldesnudo.com.mx\/index.php\/wp-json\/wp\/v2\/users\/4"}],"replies":[{"embeddable":true,"href":"https:\/\/politicosaldesnudo.com.mx\/index.php\/wp-json\/wp\/v2\/comments?post=62889"}],"version-history":[{"count":0,"href":"https:\/\/politicosaldesnudo.com.mx\/index.php\/wp-json\/wp\/v2\/posts\/62889\/revisions"}],"wp:featuredmedia":[{"embeddable":true,"href":"https:\/\/politicosaldesnudo.com.mx\/index.php\/wp-json\/wp\/v2\/media\/62890"}],"wp:attachment":[{"href":"https:\/\/politicosaldesnudo.com.mx\/index.php\/wp-json\/wp\/v2\/media?parent=62889"}],"wp:term":[{"taxonomy":"category","embeddable":true,"href":"https:\/\/politicosaldesnudo.com.mx\/index.php\/wp-json\/wp\/v2\/categories?post=62889"},{"taxonomy":"post_tag","embeddable":true,"href":"https:\/\/politicosaldesnudo.com.mx\/index.php\/wp-json\/wp\/v2\/tags?post=62889"}],"curies":[{"name":"wp","href":"https:\/\/api.w.org\/{rel}","templated":true}]}}