{"id":62897,"date":"2025-05-13T00:21:10","date_gmt":"2025-05-13T06:21:10","guid":{"rendered":"https:\/\/politicosaldesnudo.com.mx\/?p=62897"},"modified":"2025-05-12T23:14:15","modified_gmt":"2025-05-13T05:14:15","slug":"cabeza-fria-en-tiempos-de-violencia-politica","status":"publish","type":"post","link":"https:\/\/politicosaldesnudo.com.mx\/index.php\/2025\/05\/13\/cabeza-fria-en-tiempos-de-violencia-politica\/","title":{"rendered":"Cabeza fr\u00eda en tiempos de violencia pol\u00edtica"},"content":{"rendered":"<p><em>\u201cLa confianza es madre de las acciones grandiosas.\u201d \u2013 Friedrich Schiller.<\/em><\/p>\n<p><strong>\u00a0<\/strong><\/p>\n<p><strong>En medio de un proceso electoral marcado por lamentables episodios de violencia, la gobernadora de Veracruz, Roc\u00edo Nahle Garc\u00eda, ha demostrado que la serenidad, la firmeza y el actuar con cabeza fr\u00eda son la mejor respuesta ante quienes buscan sembrar el miedo para controlar territorios y alterar la voluntad ciudadana.<\/strong><\/p>\n<p><strong>Los recientes asesinatos de Germ\u00e1n Anuar Valencia, candidato de Morena a la alcald\u00eda de Coxquihui, y de Yesenia Lara Guti\u00e9rrez candidata del partido oficial en Texistepec, son hechos tr\u00e1gicos que enlutan al estado y confirman que ciertos grupos pol\u00edticos ven en la violencia una herramienta para generar caos y desestabilizaci\u00f3n.<\/strong><\/p>\n<p><strong>Sin embargo, hay que recordar que la violencia pol\u00edtica no es nueva en Veracruz. Basta remontarse a los asesinatos de actores pol\u00edticos como Juan Carlos Molina en Medell\u00edn de Bravo o Maricela Vallejo en Mixtla de Altamirano, todas v\u00edctimas de un contexto de inseguridad que por a\u00f1os fue ignorado o manipulado con fines partidistas.<\/strong><\/p>\n<p><strong>No es casual que estos ataques se den en regiones hist\u00f3ricamente disputadas por intereses oscuros y cacicazgos que se resisten a perder privilegios.<\/strong><\/p>\n<p><strong>Uno de esos hechos ocurri\u00f3 en 2021, cuando Gladys Merl\u00edn Castro, exdiputada local y exalcaldesa de Cosoleacaque, as\u00ed como su hija, Carla Enr\u00edquez Merl\u00edn, fueron asesinadas al interior de su casa en dicho municipio.<\/strong><\/p>\n<p><strong>En ese momento, Carla Enr\u00edquez era aspirante a candidata a la presidencia municipal de Cosoleacaque postulada por el PVEM y Morena.<\/strong><\/p>\n<p><strong>Las historias de violencia se remontan m\u00e1s atr\u00e1s en contra de esa misma familia pues en el 2006, Heliodoro Merl\u00edn Alor, padre de Gladys Merl\u00edn, fue lesionado al interior de un rancho de su propiedad.<\/strong><\/p>\n<p><strong>Pero a diferencia de pasadas administraciones, la respuesta del actual gobierno estatal no ha sido la evasi\u00f3n, ni el discurso hueco. Roc\u00edo Nahle ha reiterado su compromiso con la seguridad y ha instruido operativos coordinados entre fuerzas federales, estatales y municipales para blindar el proceso electoral. Pero m\u00e1s all\u00e1 del despliegue policiaco, lo que se observa es una apuesta por el fortalecimiento institucional y el respeto a la voluntad popular.<\/strong><\/p>\n<p><strong>En este contexto adverso, la ciudadan\u00eda veracruzana da una lecci\u00f3n de madurez c\u00edvica. A pesar de los hechos violentos, las y los veracruzanos mantienen su intenci\u00f3n de participar en las urnas de manera pac\u00edfica, ordenada y civilizada.<\/strong><\/p>\n<p><strong>Ser\u00e1n miles los ciudadanos que actuar\u00e1n como funcionarios de casilla, responsables de organizar una elecci\u00f3n donde se renovar\u00e1n alcald\u00edas, as\u00ed como jueces, magistrados y ministros tanto en el \u00e1mbito federal como en el local, en un proceso hist\u00f3rico del que las y los veracruzanos no deber\u00e1n faltar.<\/strong><\/p>\n<p><strong>Aunado a ello, el trabajo institucional de los Instituto Nacional Electoral (INE) y del Organismo P\u00fablico Local Electoral (Ople) han sido garant\u00eda de transparencia y responsabilidad democr\u00e1tica, demostrando que los avances alcanzados en la materia han sido positivos, a pesar del menoscabo que algunos han pretendido dar al ejercicio democr\u00e1tico que est\u00e1 en disputa.<\/strong><\/p>\n<p><strong>Cierto es, que este ej\u00e9rcito civil \u2014compuesto por ciudadanos de a pie\u2014 es la mejor muestra de que la democracia veracruzana sigue viva. La voluntad colectiva por ejercer el derecho al voto y decidir el rumbo del estado no se ha quebrantado.<\/strong><\/p>\n<p><strong>La gobernadora Roc\u00edo Nahle lo ha entendido bien: el reto no solo es contener la violencia, sino garantizar condiciones de igualdad, legalidad y tranquilidad para todos los actores pol\u00edticos. Y en ello, ha decidido no titubear. En tiempos dif\u00edciles, la cabeza fr\u00eda y el compromiso con la justicia son la mejor defensa de la democracia, y la mandataria estatal lo est\u00e1 demostrando de forma transparente y de cara a la ciudadan\u00eda.<\/strong><\/p>\n<p><strong>\u00a0<\/strong><\/p>\n<p><strong>Al tiempo.<\/strong><\/p>\n<p><img data-recalc-dims=\"1\" loading=\"lazy\" decoding=\"async\" class=\"aligncenter size-full wp-image-62803\" src=\"https:\/\/i0.wp.com\/politicosaldesnudo.com.mx\/wp-content\/uploads\/2025\/05\/FIRMA-EDITORIAL-PD-5.jpg?resize=800%2C98&#038;ssl=1\" alt=\"\" width=\"800\" height=\"98\" srcset=\"https:\/\/i0.wp.com\/politicosaldesnudo.com.mx\/wp-content\/uploads\/2025\/05\/FIRMA-EDITORIAL-PD-5.jpg?w=1024&amp;ssl=1 1024w, https:\/\/i0.wp.com\/politicosaldesnudo.com.mx\/wp-content\/uploads\/2025\/05\/FIRMA-EDITORIAL-PD-5.jpg?resize=300%2C37&amp;ssl=1 300w, https:\/\/i0.wp.com\/politicosaldesnudo.com.mx\/wp-content\/uploads\/2025\/05\/FIRMA-EDITORIAL-PD-5.jpg?resize=768%2C94&amp;ssl=1 768w\" sizes=\"auto, (max-width: 800px) 100vw, 800px\" \/><\/p>\n","protected":false},"excerpt":{"rendered":"<p>\u201cLa confianza es madre de las acciones grandiosas.\u201d \u2013 Friedrich Schiller. \u00a0 En medio de un proceso electoral marcado por<\/p>\n","protected":false},"author":4,"featured_media":36965,"comment_status":"closed","ping_status":"closed","sticky":false,"template":"","format":"standard","meta":{"colormag_page_container_layout":"default_layout","colormag_page_sidebar_layout":"default_layout","_jetpack_memberships_contains_paid_content":false,"footnotes":"","jetpack_publicize_message":"","jetpack_publicize_feature_enabled":true,"jetpack_social_post_already_shared":false,"jetpack_social_options":{"image_generator_settings":{"template":"highway","default_image_id":0,"font":"","enabled":false},"version":2}},"categories":[26],"tags":[],"class_list":["post-62897","post","type-post","status-publish","format-standard","has-post-thumbnail","hentry","category-columnistas"],"jetpack_publicize_connections":[],"jetpack_featured_media_url":"https:\/\/i0.wp.com\/politicosaldesnudo.com.mx\/wp-content\/uploads\/2024\/05\/LUIS-RAMIREZ-BAQUEIRO.jpg?fit=800%2C445&ssl=1","jetpack-related-posts":[],"jetpack_sharing_enabled":true,"_links":{"self":[{"href":"https:\/\/politicosaldesnudo.com.mx\/index.php\/wp-json\/wp\/v2\/posts\/62897","targetHints":{"allow":["GET"]}}],"collection":[{"href":"https:\/\/politicosaldesnudo.com.mx\/index.php\/wp-json\/wp\/v2\/posts"}],"about":[{"href":"https:\/\/politicosaldesnudo.com.mx\/index.php\/wp-json\/wp\/v2\/types\/post"}],"author":[{"embeddable":true,"href":"https:\/\/politicosaldesnudo.com.mx\/index.php\/wp-json\/wp\/v2\/users\/4"}],"replies":[{"embeddable":true,"href":"https:\/\/politicosaldesnudo.com.mx\/index.php\/wp-json\/wp\/v2\/comments?post=62897"}],"version-history":[{"count":0,"href":"https:\/\/politicosaldesnudo.com.mx\/index.php\/wp-json\/wp\/v2\/posts\/62897\/revisions"}],"wp:featuredmedia":[{"embeddable":true,"href":"https:\/\/politicosaldesnudo.com.mx\/index.php\/wp-json\/wp\/v2\/media\/36965"}],"wp:attachment":[{"href":"https:\/\/politicosaldesnudo.com.mx\/index.php\/wp-json\/wp\/v2\/media?parent=62897"}],"wp:term":[{"taxonomy":"category","embeddable":true,"href":"https:\/\/politicosaldesnudo.com.mx\/index.php\/wp-json\/wp\/v2\/categories?post=62897"},{"taxonomy":"post_tag","embeddable":true,"href":"https:\/\/politicosaldesnudo.com.mx\/index.php\/wp-json\/wp\/v2\/tags?post=62897"}],"curies":[{"name":"wp","href":"https:\/\/api.w.org\/{rel}","templated":true}]}}