{"id":62932,"date":"2025-05-14T00:13:24","date_gmt":"2025-05-14T06:13:24","guid":{"rendered":"https:\/\/politicosaldesnudo.com.mx\/?p=62932"},"modified":"2025-05-13T23:39:34","modified_gmt":"2025-05-14T05:39:34","slug":"piden-ex-rectores-de-la-uaz-que-gobernador-saque-las-manos-de-la-eleccion","status":"publish","type":"post","link":"https:\/\/politicosaldesnudo.com.mx\/index.php\/2025\/05\/14\/piden-ex-rectores-de-la-uaz-que-gobernador-saque-las-manos-de-la-eleccion\/","title":{"rendered":"Piden ex rectores de la UAZ que gobernador saque las manos de la elecci\u00f3n"},"content":{"rendered":"<p class=\"nota-justify\">En la v\u00edspera de la elecci\u00f3n de rector en la Universidad Aut\u00f3noma de Zacatecas, este mi\u00e9rcoles 14 de mayo, siete ex rectores de la instituci\u00f3n educativa emitieron un pronunciamiento p\u00fablico donde llamaron al gobernador David Monreal \u00c1vila, y a Cristian Paul Camacho Osnaya, Fiscal del Estado, \u201ca sacar las manos\u201d del proceso electoral interno, en el que est\u00e1n llamados a votar m\u00e1s de 40 mil estudiantes, maestros y trabajadores.<\/p>\n<p class=\"nota-justify\">Adem\u00e1s, en el caso del fiscal zacatecano, se le exigi\u00f3 explicar p\u00fablicamente, porque la instituci\u00f3n a su cargo, recuper\u00f3 dos carpetas de investigaci\u00f3n y ejecut\u00f3 acciones judiciales, en plenos comicios universitarios que comenzaron el pasado s\u00e1bado 10 de mayo, contra dos personalidades importantes de la instituci\u00f3n \u2013el rector en funciones Rub\u00e9n Ibarra Reyes y Jenny Gonz\u00e1lez Arenas, l\u00edder del sindicato de maestros y una de las candidatas a rector\u00eda-, por denuncias penales en su contra que hab\u00edan sido interpuestas seis meses atr\u00e1s.<\/p>\n<p class=\"nota-justify\">En un c\u00e9ntrico caf\u00e9 de la capital zacatecana, los ex rectores Jorge Eduardo Hiriart Estrada, Francisco Javier Dom\u00ednguez Garay y Alfredo Femat Ba\u00f1uelos (estos tres de manera presencial), con el respaldo expreso de Francisco Flores Sandoval, Virgilio Rivera Delgadillo, Armando Silva Ch\u00e1irez y Antonio Guzm\u00e1n Fern\u00e1ndez, leyeron ante representantes de los medios de comunicaci\u00f3n, la postura cr\u00edtica en defensa de la autonom\u00eda universitaria y el derecho de los universitarios a elegir democr\u00e1ticamente a sus autoridades.<\/p>\n<p class=\"nota-justify\">Como contexto, el pasado lunes 12 de mayo en un evento oficial, el gobernador David Monreal \u00c1vila afirm\u00f3 que, \u201cla crisis que est\u00e1 viviendo la universidad, hace mucho tiempo que yo sostengo, que necesita una revisi\u00f3n profunda, inclusive, en su m\u00e9todo, la necesidad de la modificaci\u00f3n y actualizaci\u00f3n de su modo de elecci\u00f3n\u201d.<\/p>\n<p class=\"nota-justify\">Por ello este martes, Hiriart Estrada, aclar\u00f3 que \u201cdesde nuestra misi\u00f3n responsable al haber participado en la conducci\u00f3n de la Universidad, hoy manifestamos con responsabilidad la necesidad de que la comunidad universitaria act\u00fae con claridad, responsabilidad y transparencia\u201d.<\/p>\n<p class=\"nota-justify\">El llamado de los ex rectores incluy\u00f3 la petici\u00f3n a la comunidad universitaria de estar a la altura de las circunstancias, \u201cen el proceso electoral que est\u00e1 en curso, para generar las expectativas positivas de una soluci\u00f3n que permita recuperar el avance ordinario que, en su desarrollo, corresponde a nuestra instituci\u00f3n\u201d.<\/p>\n<p class=\"nota-justify\">\u201cConsiderada como una Universidad de car\u00e1cter democr\u00e1tico y aut\u00f3noma, es importante que se respeten plenamente sus caracter\u00edsticas para que sean los miembros de la Universidad, maestros, estudiantes y trabajadores quienes resuelvan libremente sus problemas y compartan con ello el soporte al desarrollo que tiene la misma\u201d.<\/p>\n<p class=\"nota-justify\">Asimismo, expuso en su comunicado conjunto el ex rector Hiriart Estrada, no debe haber, sin excepci\u00f3n, quien desde afuera y cualquiera sea su estatus, intente introducir sus intereses en algo que tiene una completa y clara definici\u00f3n en la vida interna de la instituci\u00f3n y en la elecci\u00f3n de sus autoridades, que es facultad exclusiva de los universitarios\u201d.<\/p>\n","protected":false},"excerpt":{"rendered":"<p>En la v\u00edspera de la elecci\u00f3n de rector en la Universidad Aut\u00f3noma de Zacatecas, este mi\u00e9rcoles 14 de mayo, siete<\/p>\n","protected":false},"author":4,"featured_media":62933,"comment_status":"closed","ping_status":"closed","sticky":false,"template":"","format":"standard","meta":{"colormag_page_container_layout":"default_layout","colormag_page_sidebar_layout":"default_layout","_jetpack_memberships_contains_paid_content":false,"footnotes":"","jetpack_publicize_message":"","jetpack_publicize_feature_enabled":true,"jetpack_social_post_already_shared":false,"jetpack_social_options":{"image_generator_settings":{"template":"highway","default_image_id":0,"font":"","enabled":false},"version":2}},"categories":[30],"tags":[],"class_list":["post-62932","post","type-post","status-publish","format-standard","has-post-thumbnail","hentry","category-estados"],"jetpack_publicize_connections":[],"jetpack_featured_media_url":"https:\/\/i0.wp.com\/politicosaldesnudo.com.mx\/wp-content\/uploads\/2025\/05\/ZAVA.jpg?fit=790%2C580&ssl=1","jetpack-related-posts":[],"jetpack_sharing_enabled":true,"_links":{"self":[{"href":"https:\/\/politicosaldesnudo.com.mx\/index.php\/wp-json\/wp\/v2\/posts\/62932","targetHints":{"allow":["GET"]}}],"collection":[{"href":"https:\/\/politicosaldesnudo.com.mx\/index.php\/wp-json\/wp\/v2\/posts"}],"about":[{"href":"https:\/\/politicosaldesnudo.com.mx\/index.php\/wp-json\/wp\/v2\/types\/post"}],"author":[{"embeddable":true,"href":"https:\/\/politicosaldesnudo.com.mx\/index.php\/wp-json\/wp\/v2\/users\/4"}],"replies":[{"embeddable":true,"href":"https:\/\/politicosaldesnudo.com.mx\/index.php\/wp-json\/wp\/v2\/comments?post=62932"}],"version-history":[{"count":0,"href":"https:\/\/politicosaldesnudo.com.mx\/index.php\/wp-json\/wp\/v2\/posts\/62932\/revisions"}],"wp:featuredmedia":[{"embeddable":true,"href":"https:\/\/politicosaldesnudo.com.mx\/index.php\/wp-json\/wp\/v2\/media\/62933"}],"wp:attachment":[{"href":"https:\/\/politicosaldesnudo.com.mx\/index.php\/wp-json\/wp\/v2\/media?parent=62932"}],"wp:term":[{"taxonomy":"category","embeddable":true,"href":"https:\/\/politicosaldesnudo.com.mx\/index.php\/wp-json\/wp\/v2\/categories?post=62932"},{"taxonomy":"post_tag","embeddable":true,"href":"https:\/\/politicosaldesnudo.com.mx\/index.php\/wp-json\/wp\/v2\/tags?post=62932"}],"curies":[{"name":"wp","href":"https:\/\/api.w.org\/{rel}","templated":true}]}}