{"id":62953,"date":"2025-05-14T00:20:17","date_gmt":"2025-05-14T06:20:17","guid":{"rendered":"https:\/\/politicosaldesnudo.com.mx\/?p=62953"},"modified":"2025-05-13T23:52:47","modified_gmt":"2025-05-14T05:52:47","slug":"declina-luis-arce-candidatura-para-comicios-presidenciales-en-bolivia","status":"publish","type":"post","link":"https:\/\/politicosaldesnudo.com.mx\/index.php\/2025\/05\/14\/declina-luis-arce-candidatura-para-comicios-presidenciales-en-bolivia\/","title":{"rendered":"Declina Luis Arce candidatura para comicios presidenciales en Bolivia"},"content":{"rendered":"<p class=\"nota-justify\">El presidente de Bolivia, Luis Arce, declin\u00f3 la noche del martes su candidatura a la reelecci\u00f3n en las elecciones generales de este a\u00f1o.<\/p>\n<p class=\"nota-justify\">\u201cHoy doy a conocer al pueblo boliviano, con absoluta firmeza mi decisi\u00f3n de declinar mi candidatura a la reelecci\u00f3n presidencial en las elecciones de agosto pr\u00f3ximo\u201d, anunci\u00f3 el mandatario en conferencia de prensa.<\/p>\n<p class=\"nota-justify\">El presidente Luis Arce Catacora argument\u00f3 que no desea convertirse en un factor de divisi\u00f3n dentro del campo popular y del Movimiento al Socialismo (MAS). Afirm\u00f3 que prioriza la unidad de las fuerzas progresistas frente a una amenaza que calific\u00f3 de \u201cfascista e imperialista\u201d, public\u00f3 el medio\u00a0<i>Br\u00fajula Digital<\/i>.<\/p>\n<p class=\"nota-justify\">\u201cHe tomado la decisi\u00f3n de seguir junto al pueblo desde el lugar que me toque seguir luchando. Honrando la memoria de los h\u00e9roes, doy a conocer con absoluta firmeza mi decisi\u00f3n de declinar mi candidatura. No ser\u00e9 un factor de divisi\u00f3n\u201d, sostuvo.<\/p>\n<div class=\"raw-html-embed\">\n<p class=\"nota-justify\">Arce record\u00f3 que desde el 18 de diciembre de 2024 ha planteado reiteradamente la necesidad de forjar un bloque de unidad entre el MAS y otras fuerzas de izquierda, no alrededor de personas, sino de un programa m\u00ednimo com\u00fan. Lament\u00f3 que sus llamados no hayan prosperado, pero sostuvo que a\u00fan hay tiempo para atender \u201clas exigencias de la historia\u201d.<\/p>\n<p class=\"nota-justify\">\u201cNo puede ser nuestro destino dividirnos ni pelearnos. Estamos llamados a dejar de ver a nuestros compa\u00f1eros como adversarios. El enemigo es el imperialismo, el fascismo\u201d, se\u00f1al\u00f3, en alusi\u00f3n a lo que considera una disputa crucial entre quienes defienden el Estado Plurinacional y quienes, seg\u00fan \u00e9l, pretenden restaurar el modelo neoliberal.<\/p>\n<p class=\"nota-justify\">Arce lanz\u00f3 un mensaje a sus antes aliados: \u201cLe pido a Evo (Morales) que no insista en su candidatura, porque constitucionalmente no puede serlo\u201d. Tambi\u00e9n llam\u00f3 al presidente del Senado, Andr\u00f3nico Rodr\u00edguez, quien el fin de semana se proclam\u00f3 candidato, aunque a\u00fan no tiene una sigla pol\u00edtica que lo cobije.<\/p>\n<p class=\"nota-justify\">Arce asegur\u00f3 que tras su decisi\u00f3n de no repostularse se dedicar\u00e1 a la gesti\u00f3n gubernamental y manifest\u00f3 su esperanza de que \u201cahora que no soy candidato, (la Asamblea Plurinacional) cumpla con el clamor del pueblo y apruebe las leyes de financiamiento\u201d, expres\u00f3, haciendo referencia a los cr\u00e9ditos paralizados por la pugna pol\u00edtica interna.<\/p>\n<p class=\"nota-justify\">\u201cEl proyecto pol\u00edtico est\u00e1 por encima de cualquier persona. No podemos poner en riesgo el porvenir de la sociedad por apetitos personales. No estoy dispuesto a incurrir en errores. No puede haber un dirigente cuyos intereses est\u00e9n por encima del pueblo\u201d, advirti\u00f3, seg\u00fan recoge\u00a0<i>Br\u00fajula Digital.<\/i><\/p>\n<\/div>\n","protected":false},"excerpt":{"rendered":"<p>El presidente de Bolivia, Luis Arce, declin\u00f3 la noche del martes su candidatura a la reelecci\u00f3n en las elecciones generales<\/p>\n","protected":false},"author":4,"featured_media":62954,"comment_status":"closed","ping_status":"closed","sticky":false,"template":"","format":"standard","meta":{"colormag_page_container_layout":"default_layout","colormag_page_sidebar_layout":"default_layout","_jetpack_memberships_contains_paid_content":false,"footnotes":"","jetpack_publicize_message":"","jetpack_publicize_feature_enabled":true,"jetpack_social_post_already_shared":false,"jetpack_social_options":{"image_generator_settings":{"template":"highway","default_image_id":0,"font":"","enabled":false},"version":2}},"categories":[28],"tags":[],"class_list":["post-62953","post","type-post","status-publish","format-standard","has-post-thumbnail","hentry","category-internacional"],"jetpack_publicize_connections":[],"jetpack_featured_media_url":"https:\/\/i0.wp.com\/politicosaldesnudo.com.mx\/wp-content\/uploads\/2025\/05\/LUIAE.jpg?fit=755%2C485&ssl=1","jetpack-related-posts":[],"jetpack_sharing_enabled":true,"_links":{"self":[{"href":"https:\/\/politicosaldesnudo.com.mx\/index.php\/wp-json\/wp\/v2\/posts\/62953","targetHints":{"allow":["GET"]}}],"collection":[{"href":"https:\/\/politicosaldesnudo.com.mx\/index.php\/wp-json\/wp\/v2\/posts"}],"about":[{"href":"https:\/\/politicosaldesnudo.com.mx\/index.php\/wp-json\/wp\/v2\/types\/post"}],"author":[{"embeddable":true,"href":"https:\/\/politicosaldesnudo.com.mx\/index.php\/wp-json\/wp\/v2\/users\/4"}],"replies":[{"embeddable":true,"href":"https:\/\/politicosaldesnudo.com.mx\/index.php\/wp-json\/wp\/v2\/comments?post=62953"}],"version-history":[{"count":0,"href":"https:\/\/politicosaldesnudo.com.mx\/index.php\/wp-json\/wp\/v2\/posts\/62953\/revisions"}],"wp:featuredmedia":[{"embeddable":true,"href":"https:\/\/politicosaldesnudo.com.mx\/index.php\/wp-json\/wp\/v2\/media\/62954"}],"wp:attachment":[{"href":"https:\/\/politicosaldesnudo.com.mx\/index.php\/wp-json\/wp\/v2\/media?parent=62953"}],"wp:term":[{"taxonomy":"category","embeddable":true,"href":"https:\/\/politicosaldesnudo.com.mx\/index.php\/wp-json\/wp\/v2\/categories?post=62953"},{"taxonomy":"post_tag","embeddable":true,"href":"https:\/\/politicosaldesnudo.com.mx\/index.php\/wp-json\/wp\/v2\/tags?post=62953"}],"curies":[{"name":"wp","href":"https:\/\/api.w.org\/{rel}","templated":true}]}}