{"id":62974,"date":"2025-05-15T00:01:14","date_gmt":"2025-05-15T06:01:14","guid":{"rendered":"https:\/\/politicosaldesnudo.com.mx\/?p=62974"},"modified":"2025-05-14T20:14:59","modified_gmt":"2025-05-15T02:14:59","slug":"usuarios-denuncian-pesimo-servicio-de-telmex","status":"publish","type":"post","link":"https:\/\/politicosaldesnudo.com.mx\/index.php\/2025\/05\/15\/usuarios-denuncian-pesimo-servicio-de-telmex\/","title":{"rendered":"Usuarios denuncian p\u00e9simo servicio de Telmex"},"content":{"rendered":"<p>Ciudadanos denuncian el p\u00e9simo e intermitente servicio de la compa\u00f1\u00eda telef\u00f3nica Telmex, las cuales se han multiplicado en las \u00faltimas semanas, con residentes reportando extensos periodos sin l\u00ednea telef\u00f3nica ni internet, contrastando fuertemente con la puntualidad con la que reciben sus recibos de cobro.<\/p>\n<p>\u00abEs una burla, tenemos semanas sin poder hacer una llamada o conectarnos a internet, lo cual es esencial para muchos que trabajamos desde casa o tenemos hijos estudiando en l\u00ednea, pero eso s\u00ed, el recibo llega puntualmente cada mes, \u00a1y ni un peso nos descuentan!\u00bb, se\u00f1al\u00f3 la ciudadana Alma Chav\u00e9z de la congregaci\u00f3n de Alto Lucero.<\/p>\n<p>El sentir de la se\u00f1ora es compartido por decenas de usuarios que se han puesto en contacto con este medio y han expresado su frustraci\u00f3n e impotencia ante la falta de soluciones por parte de la empresa.<\/p>\n<p>Explicaron que los reportes realizados a trav\u00e9s de los canales de atenci\u00f3n de Telmex parecen caer en saco roto, ya que, seg\u00fan los denunciantes, las fallas persisten sin que se tomen medidas efectivas para restablecer el servicio.<\/p>\n<p>\u00abLlamamos y nos dan un n\u00famero de reporte, nos dicen que van a venir, pero pasan los d\u00edas y nada, uno entiende que puede haber fallas, pero que se prolonguen por semanas y que no haya una respuesta clara ni una compensaci\u00f3n por los d\u00edas sin servicio, eso ya es inaceptable\u00bb, agreg\u00f3 el se\u00f1or Pedro Mart\u00ednez, habitante del centro de la ciudad.<\/p>\n<p>La situaci\u00f3n no solo afecta la comunicaci\u00f3n personal y laboral de los ciudadanos, sino que tambi\u00e9n impacta en negocios locales que dependen de la conexi\u00f3n a internet para sus ventas y operaciones, la incertidumbre y la falta de un servicio confiable generan p\u00e9rdidas econ\u00f3micas y un clima de malestar generalizado.<\/p>\n<p>Por ello los usuarios hacen un llamado urgente a las autoridades competentes para que intervengan y exijan a Telmex una mejora sustancial en la calidad de sus servicios, solicitan que se implementen mecanismos de compensaci\u00f3n justos para los afectados por las prolongadas interrupciones en el servicio.<\/p>\n","protected":false},"excerpt":{"rendered":"<p>Ciudadanos denuncian el p\u00e9simo e intermitente servicio de la compa\u00f1\u00eda telef\u00f3nica Telmex, las cuales se han multiplicado en las \u00faltimas<\/p>\n","protected":false},"author":4,"featured_media":62975,"comment_status":"closed","ping_status":"closed","sticky":false,"template":"","format":"standard","meta":{"colormag_page_container_layout":"default_layout","colormag_page_sidebar_layout":"default_layout","_jetpack_memberships_contains_paid_content":false,"footnotes":"","jetpack_publicize_message":"","jetpack_publicize_feature_enabled":true,"jetpack_social_post_already_shared":false,"jetpack_social_options":{"image_generator_settings":{"template":"highway","default_image_id":0,"font":"","enabled":false},"version":2}},"categories":[1082],"tags":[],"class_list":["post-62974","post","type-post","status-publish","format-standard","has-post-thumbnail","hentry","category-tuxpan"],"jetpack_publicize_connections":[],"jetpack_featured_media_url":"https:\/\/i0.wp.com\/politicosaldesnudo.com.mx\/wp-content\/uploads\/2025\/05\/2b-1.jpg?fit=1280%2C720&ssl=1","jetpack-related-posts":[],"jetpack_sharing_enabled":true,"_links":{"self":[{"href":"https:\/\/politicosaldesnudo.com.mx\/index.php\/wp-json\/wp\/v2\/posts\/62974","targetHints":{"allow":["GET"]}}],"collection":[{"href":"https:\/\/politicosaldesnudo.com.mx\/index.php\/wp-json\/wp\/v2\/posts"}],"about":[{"href":"https:\/\/politicosaldesnudo.com.mx\/index.php\/wp-json\/wp\/v2\/types\/post"}],"author":[{"embeddable":true,"href":"https:\/\/politicosaldesnudo.com.mx\/index.php\/wp-json\/wp\/v2\/users\/4"}],"replies":[{"embeddable":true,"href":"https:\/\/politicosaldesnudo.com.mx\/index.php\/wp-json\/wp\/v2\/comments?post=62974"}],"version-history":[{"count":0,"href":"https:\/\/politicosaldesnudo.com.mx\/index.php\/wp-json\/wp\/v2\/posts\/62974\/revisions"}],"wp:featuredmedia":[{"embeddable":true,"href":"https:\/\/politicosaldesnudo.com.mx\/index.php\/wp-json\/wp\/v2\/media\/62975"}],"wp:attachment":[{"href":"https:\/\/politicosaldesnudo.com.mx\/index.php\/wp-json\/wp\/v2\/media?parent=62974"}],"wp:term":[{"taxonomy":"category","embeddable":true,"href":"https:\/\/politicosaldesnudo.com.mx\/index.php\/wp-json\/wp\/v2\/categories?post=62974"},{"taxonomy":"post_tag","embeddable":true,"href":"https:\/\/politicosaldesnudo.com.mx\/index.php\/wp-json\/wp\/v2\/tags?post=62974"}],"curies":[{"name":"wp","href":"https:\/\/api.w.org\/{rel}","templated":true}]}}