{"id":63019,"date":"2025-05-15T00:15:58","date_gmt":"2025-05-15T06:15:58","guid":{"rendered":"https:\/\/politicosaldesnudo.com.mx\/?p=63019"},"modified":"2025-05-14T21:50:26","modified_gmt":"2025-05-15T03:50:26","slug":"docentes-protestan-en-colima-contra-reforma-a-ley-del-issste","status":"publish","type":"post","link":"https:\/\/politicosaldesnudo.com.mx\/index.php\/2025\/05\/15\/docentes-protestan-en-colima-contra-reforma-a-ley-del-issste\/","title":{"rendered":"Docentes protestan en Colima contra reforma a Ley del Issste"},"content":{"rendered":"<p class=\"nota-justify\">Cientos de maestros del movimiento magisterial 28\/30 marcharon este mi\u00e9rcoles hasta las instalaciones de la Secretar\u00eda de Educaci\u00f3n del gobierno estatal contra la reforma al sistema de pensiones del Instituto de Seguridad y Servicios Sociales para los Trabajadores del Estado (ISSSTE).<\/p>\n<p class=\"nota-justify\">Cerca del mediod\u00eda, los inconformes arribaron a las instalaciones de la secretar\u00eda, donde ingresaron a la explanada con leyendas como \u00ababajo la reforma\u00bb y \u00abpensiones en pesos no en umas\u00bb.<\/p>\n<p class=\"nota-justify\">Los manifestantes se congregaron en el parque de La Piedra Lisa, desde donde caminaron rumbo a la Secretar\u00eda de Educaci\u00f3n para realizar un plant\u00f3n.<\/p>\n<p class=\"nota-justify\">Los organizadores de la marcha recriminaron a los l\u00edderes del Sindicato Nacional de Trabajadores de la Educaci\u00f3n, incluso aseguraron que no se \u201csienten representados\u201d por las dirigencias locales.<\/p>\n<p class=\"nota-justify\">Adem\u00e1s, denunciaron que a trav\u00e9s de directores y supervisores de las escuelas, los han amenazado para que no asistan a las marchas.<\/p>\n<p class=\"nota-justify\">Durante la manifestaci\u00f3n, los inconformes presentaron seis peticiones, entre las que destacan la abrogaci\u00f3n de la Ley del ISSSTE 2007; pensiones con salarios m\u00ednimos y no con UMAS y desvincularse al sistema AFORE.<\/p>\n","protected":false},"excerpt":{"rendered":"<p>Cientos de maestros del movimiento magisterial 28\/30 marcharon este mi\u00e9rcoles hasta las instalaciones de la Secretar\u00eda de Educaci\u00f3n del gobierno<\/p>\n","protected":false},"author":4,"featured_media":63020,"comment_status":"closed","ping_status":"closed","sticky":false,"template":"","format":"standard","meta":{"colormag_page_container_layout":"default_layout","colormag_page_sidebar_layout":"default_layout","_jetpack_memberships_contains_paid_content":false,"footnotes":"","jetpack_publicize_message":"","jetpack_publicize_feature_enabled":true,"jetpack_social_post_already_shared":false,"jetpack_social_options":{"image_generator_settings":{"template":"highway","default_image_id":0,"font":"","enabled":false},"version":2}},"categories":[30],"tags":[],"class_list":["post-63019","post","type-post","status-publish","format-standard","has-post-thumbnail","hentry","category-estados"],"jetpack_publicize_connections":[],"jetpack_featured_media_url":"https:\/\/i0.wp.com\/politicosaldesnudo.com.mx\/wp-content\/uploads\/2025\/05\/DOC.jpg?fit=771%2C538&ssl=1","jetpack-related-posts":[],"jetpack_sharing_enabled":true,"_links":{"self":[{"href":"https:\/\/politicosaldesnudo.com.mx\/index.php\/wp-json\/wp\/v2\/posts\/63019","targetHints":{"allow":["GET"]}}],"collection":[{"href":"https:\/\/politicosaldesnudo.com.mx\/index.php\/wp-json\/wp\/v2\/posts"}],"about":[{"href":"https:\/\/politicosaldesnudo.com.mx\/index.php\/wp-json\/wp\/v2\/types\/post"}],"author":[{"embeddable":true,"href":"https:\/\/politicosaldesnudo.com.mx\/index.php\/wp-json\/wp\/v2\/users\/4"}],"replies":[{"embeddable":true,"href":"https:\/\/politicosaldesnudo.com.mx\/index.php\/wp-json\/wp\/v2\/comments?post=63019"}],"version-history":[{"count":0,"href":"https:\/\/politicosaldesnudo.com.mx\/index.php\/wp-json\/wp\/v2\/posts\/63019\/revisions"}],"wp:featuredmedia":[{"embeddable":true,"href":"https:\/\/politicosaldesnudo.com.mx\/index.php\/wp-json\/wp\/v2\/media\/63020"}],"wp:attachment":[{"href":"https:\/\/politicosaldesnudo.com.mx\/index.php\/wp-json\/wp\/v2\/media?parent=63019"}],"wp:term":[{"taxonomy":"category","embeddable":true,"href":"https:\/\/politicosaldesnudo.com.mx\/index.php\/wp-json\/wp\/v2\/categories?post=63019"},{"taxonomy":"post_tag","embeddable":true,"href":"https:\/\/politicosaldesnudo.com.mx\/index.php\/wp-json\/wp\/v2\/tags?post=63019"}],"curies":[{"name":"wp","href":"https:\/\/api.w.org\/{rel}","templated":true}]}}