{"id":6307,"date":"2022-06-08T10:35:58","date_gmt":"2022-06-08T15:35:58","guid":{"rendered":"https:\/\/politicosaldesnudo.com.mx\/?p=6307"},"modified":"2022-06-08T10:35:58","modified_gmt":"2022-06-08T15:35:58","slug":"agonizan-viejos-partidos","status":"publish","type":"post","link":"https:\/\/politicosaldesnudo.com.mx\/index.php\/2022\/06\/08\/agonizan-viejos-partidos\/","title":{"rendered":"Agonizan viejos partidos"},"content":{"rendered":"<p class=\"p1\">\n<p class=\"p1\"><strong><span style=\"font-size: 18pt;\">Por Jos\u00e9 Garc\u00eda S\u00e1nchez<\/span><\/strong><\/p>\n<p class=\"p1\"><span style=\"font-size: 18pt;\"><strong>En la democracia se gana por un voto, y en estas elecciones hubo muchos votos de diferencia como para que la oposici\u00f3n quiera robarle triunfos al contrincante. La democracia no es un dogma de fe, ni la victoria electoral es un milagro.<\/strong><\/span><\/p>\n<p class=\"p1\"><span style=\"font-size: 18pt;\"><strong>Quienes quieren restarle m\u00e9ritos a Morena, y anunciar una ficticia victoria de la oposici\u00f3n les es muy dado decir, que en Oaxaca e Hidalgo, los gobernadores priistas regalaron los estados a Morena, por intervenci\u00f3n del Presidente de la Rep\u00fablica.<\/strong><\/span><\/p>\n<p class=\"p1\"><span style=\"font-size: 14pt;\">Los arreglos cupulares, no pueden considerarse v\u00e1lidos en cuestiones de elecci\u00f3n, porque, de ser as\u00ed, la movilizaci\u00f3n debi\u00f3 ser tan aparatosa que se hubiera notado; sin embargo, no sucedi\u00f3.<\/span><\/p>\n<p class=\"p1\"><span style=\"font-size: 18pt;\"><strong>Pero se hace necesario restarle logros a Morena y no hay creatividad que sobre en el contenido de la insistente mentira de que Morena perdi\u00f3 y la oposici\u00f3n gan\u00f3. A pesar del absurdo que esto significa, es la obsesi\u00f3n porque la gente les crea, lo que convierte en un profundo temor a que la poblaci\u00f3n los considere muertos porque se saben agonizantes.<\/strong><\/span><\/p>\n<p class=\"p1\"><span style=\"font-size: 14pt;\">De hecho, puede decirse que hubo poca pulcritud en estados como Aguascalientes y Morena impugnar\u00e1, pero la oposici\u00f3n asegura que hubo desaseo en Tamaulipas e hidalgo, y que impugnara. As\u00ed que si impugna quiere decir que el INE no funciona tan excelente como para felicitarlo y es necesario cambiar a los consejeros que tanto les han ayudado a los tres partidos de la coalici\u00f3n.<\/span><\/p>\n<p class=\"p1\"><span style=\"font-size: 18pt;\"><strong>Las voces m\u00e1s oscuras y opacas como la de Margarita Zavala felicita al INE, instituto que pone entre la espada y la pared a la oposici\u00f3n, porque si bien se argumentan alteraciones al orden, deben tambi\u00e9n denunciarse las respectivas pasividades del \u00e1rbitro electoral, de tal manera que si impugnan ya no pueden felicitar por su actuaci\u00f3n a sus consejeros favoritos.<\/strong><\/span><\/p>\n<p class=\"p1\"><span style=\"font-size: 14pt;\">La oposici\u00f3n se qued\u00f3 sin la bandera de defender al INE en esta elecci\u00f3n, como si fuera poco lo que perdi\u00f3. Ahora podemos apreciar una oposici\u00f3n con menos fuerza, menos banderas y m\u00e1s resentimiento. La estrategia de fingir que ganaron nadie puede creerla y sirve como ejemplo de la manera en que tradicionalmente el PAN, el PRI y el PRD enga\u00f1an a la poblaci\u00f3n respecto a su fortaleza. Algunos se creen sus propias mentiras.<\/span><\/p>\n<p class=\"p1\"><span style=\"font-size: 18pt;\"><strong>La idea de optimismo s\u00f3lo es propia de quienes apoyan al liderazgo de Marko Cort\u00e9s, no es gratuito que Santiago Creel, haya participado en esta trampa de la l\u00f3gica diciendo que el PAN triunfo en las elecciones recientes. La conducta de los allegados a su dirigente ya ten\u00eda dividido y polarizado al PAN. De hecho, en Aguascalientes sus contrarios difundieron una carta convocando a no votar por Acci\u00f3n Nacional, todos saben que Tere Jim\u00e9nez es socia del l\u00edder nacional y que son allegados a la tambi\u00e9n panista Jovita Mor\u00edn, propietaria de la empresa de paneles solares que sembr\u00f3 en buena parte de Aguascalientes con un parque de energ\u00eda que nunca funcion\u00f3 pro s\u00ed afecto la econom\u00eda y las siembras de esa regi\u00f3n.<\/strong><\/span><\/p>\n<p>&nbsp;<\/p>\n<p><img data-recalc-dims=\"1\" loading=\"lazy\" decoding=\"async\" class=\"aligncenter wp-image-6308 size-large\" src=\"https:\/\/i0.wp.com\/politicosaldesnudo.com.mx\/wp-content\/uploads\/2022\/06\/FUhv7tMWQAAqCYE-1024x682.jpeg?resize=800%2C533&#038;ssl=1\" alt=\"\" width=\"800\" height=\"533\" srcset=\"https:\/\/i0.wp.com\/politicosaldesnudo.com.mx\/wp-content\/uploads\/2022\/06\/FUhv7tMWQAAqCYE.jpeg?resize=1024%2C682&amp;ssl=1 1024w, https:\/\/i0.wp.com\/politicosaldesnudo.com.mx\/wp-content\/uploads\/2022\/06\/FUhv7tMWQAAqCYE.jpeg?resize=300%2C200&amp;ssl=1 300w, https:\/\/i0.wp.com\/politicosaldesnudo.com.mx\/wp-content\/uploads\/2022\/06\/FUhv7tMWQAAqCYE.jpeg?resize=768%2C512&amp;ssl=1 768w, https:\/\/i0.wp.com\/politicosaldesnudo.com.mx\/wp-content\/uploads\/2022\/06\/FUhv7tMWQAAqCYE.jpeg?w=1280&amp;ssl=1 1280w\" sizes=\"auto, (max-width: 800px) 100vw, 800px\" \/><\/p>\n<p>&nbsp;<\/p>\n<p class=\"p1\"><span style=\"font-size: 18pt;\"><strong>La divisi\u00f3n en el PAN por decir que triunfaron en lugar de decir la verdad, es la gota que derrama el vaso y que anuncia divisiones profundas, incluso desbandas que podr\u00e1n apreciarse en las pr\u00f3ximas semanas.<\/strong><\/span><\/p>\n<p class=\"p1\"><span style=\"font-size: 18pt;\"><strong>La poblaci\u00f3n podr\u00e1 apreciar y atestiguar qu\u00e9 panista est\u00e1 a favor de Marko a trav\u00e9s de sus declaraciones, la divisi\u00f3n ser\u00e1 comprobada por quienes escuchen los respectivos argumentos, pero esto es m\u00e1s grave a\u00fan porque PRI y PRD comparten ese optimismo que intenta enga\u00f1ar, y por lo tanto se asocian con la parte minoritaria y m\u00e1s d\u00e9bil del panismo que es la que est\u00e1 alrededor de Marko Cort\u00e9s y su asesor Santiago Creel.<\/strong><\/span><\/p>\n<p class=\"p1\"><span style=\"font-size: 14pt;\">La parte que reconoce que hubo derrota en el PAN sabe que deber\u00e1 salirse del partido, conoce los intereses que hay detr\u00e1s de Marko Cort\u00e9s y las causas por las cuales lo mantienen, aparentemente de manera inexplicable en esa presidencia.<\/span><\/p>\n<p class=\"p1\"><span style=\"font-size: 14pt;\">Es decir, ante la inevitable divisi\u00f3n panista la alianza ya tom\u00f3 partido, y se queda con la rebanada m\u00e1s peque\u00f1a del ya de por s\u00ed escaso n\u00famero de militantes del blanquiazul.<\/span><\/p>\n<p class=\"p1\"><span style=\"font-size: 14pt;\">Al PRI y al PRD no le queda otra alternativa que decir que ganaron, porque negarlo significar\u00eda confesar que est\u00e1n muertos y nos hablan desde la ultratumba de la pol\u00edtica nacional. El PAN, que tiene mayor solidez electoral, se borrar\u00e1 solito del escenario opositor, porque puede advertirse, desde ahora, que m\u00e1s de un panista est\u00e1 considerando tocar las puertas de Morena.<\/span><\/p>\n<p class=\"p1\"><span style=\"font-size: 18pt;\"><strong>El PRI est\u00e1 exactamente en la misma condici\u00f3n, crece la oposici\u00f3n interna contra la continuidad del Alito al frente. As\u00ed, la alianza se crea a trav\u00e9s de las c\u00fapulas; es decir, son tres c\u00fapulas que mantienen su alianza; sin embargo, en ninguno de los casos la mayor\u00eda de la militancia est\u00e1 de acuerdo ni con la alianza ni con su l\u00edder.<\/strong><\/span><\/p>\n<p>&nbsp;<\/p>\n<p>&nbsp;<\/p>\n<p><strong><span style=\"font-size: 18pt;\">Twitter: <a href=\"https:\/\/twitter.com\/Josangasa3\">@Josangasa3<\/a><\/span><\/strong><\/p>\n<p>&nbsp;<\/p>\n<p>&nbsp;<\/p>\n<p>&nbsp;<\/p>\n<p>&nbsp;<\/p>\n","protected":false},"excerpt":{"rendered":"<p>Por Jos\u00e9 Garc\u00eda S\u00e1nchez En la democracia se gana por un voto, y en estas elecciones hubo muchos votos de<\/p>\n","protected":false},"author":4,"featured_media":3934,"comment_status":"closed","ping_status":"closed","sticky":false,"template":"","format":"standard","meta":{"colormag_page_container_layout":"default_layout","colormag_page_sidebar_layout":"default_layout","_jetpack_memberships_contains_paid_content":false,"footnotes":"","jetpack_publicize_message":"","jetpack_publicize_feature_enabled":true,"jetpack_social_post_already_shared":false,"jetpack_social_options":{"image_generator_settings":{"template":"highway","default_image_id":0,"font":"","enabled":false},"version":2}},"categories":[26],"tags":[184,43,930,63,103],"class_list":["post-6307","post","type-post","status-publish","format-standard","has-post-thumbnail","hentry","category-columnistas","tag-democracia","tag-ine","tag-marko-cortes","tag-morena","tag-pan"],"jetpack_publicize_connections":[],"jetpack_featured_media_url":"https:\/\/i0.wp.com\/politicosaldesnudo.com.mx\/wp-content\/uploads\/2022\/04\/JOSE%CC%81-GARCI%CC%81A.png?fit=1816%2C1016&ssl=1","jetpack-related-posts":[],"jetpack_sharing_enabled":true,"_links":{"self":[{"href":"https:\/\/politicosaldesnudo.com.mx\/index.php\/wp-json\/wp\/v2\/posts\/6307","targetHints":{"allow":["GET"]}}],"collection":[{"href":"https:\/\/politicosaldesnudo.com.mx\/index.php\/wp-json\/wp\/v2\/posts"}],"about":[{"href":"https:\/\/politicosaldesnudo.com.mx\/index.php\/wp-json\/wp\/v2\/types\/post"}],"author":[{"embeddable":true,"href":"https:\/\/politicosaldesnudo.com.mx\/index.php\/wp-json\/wp\/v2\/users\/4"}],"replies":[{"embeddable":true,"href":"https:\/\/politicosaldesnudo.com.mx\/index.php\/wp-json\/wp\/v2\/comments?post=6307"}],"version-history":[{"count":0,"href":"https:\/\/politicosaldesnudo.com.mx\/index.php\/wp-json\/wp\/v2\/posts\/6307\/revisions"}],"wp:featuredmedia":[{"embeddable":true,"href":"https:\/\/politicosaldesnudo.com.mx\/index.php\/wp-json\/wp\/v2\/media\/3934"}],"wp:attachment":[{"href":"https:\/\/politicosaldesnudo.com.mx\/index.php\/wp-json\/wp\/v2\/media?parent=6307"}],"wp:term":[{"taxonomy":"category","embeddable":true,"href":"https:\/\/politicosaldesnudo.com.mx\/index.php\/wp-json\/wp\/v2\/categories?post=6307"},{"taxonomy":"post_tag","embeddable":true,"href":"https:\/\/politicosaldesnudo.com.mx\/index.php\/wp-json\/wp\/v2\/tags?post=6307"}],"curies":[{"name":"wp","href":"https:\/\/api.w.org\/{rel}","templated":true}]}}