{"id":63075,"date":"2025-05-16T00:13:56","date_gmt":"2025-05-16T06:13:56","guid":{"rendered":"https:\/\/politicosaldesnudo.com.mx\/?p=63075"},"modified":"2025-05-15T22:30:23","modified_gmt":"2025-05-16T04:30:23","slug":"candidato-de-mc-en-las-choapas-veracruz-denuncia-atentado","status":"publish","type":"post","link":"https:\/\/politicosaldesnudo.com.mx\/index.php\/2025\/05\/16\/candidato-de-mc-en-las-choapas-veracruz-denuncia-atentado\/","title":{"rendered":"Candidato de MC en Las Choapas, Veracruz, denuncia atentado"},"content":{"rendered":"<div id=\"article-content-tts\" class=\"nota-contenido mb-5\">\n<div id=\"content_nitf\">\n<p>El candidato de Movimiento Ciudadano a la presidencia municipal de Las Choapas, al sur del estado de Veracruz, Jes\u00fas Uribe Esquivel, denunci\u00f3 haber sufrido un atentado la tarde de este 15 de mayo.<\/p>\n<p>El ataque sucedi\u00f3 cuando el candidato naranja y su equipo viajaban en una camioneta sobre el camino a Las Brujas, cuando intentaron envestirlos con otro veh\u00edculo para sacarlos del camino.<\/p>\n<p>Seg\u00fan se se\u00f1ala, los agresores que viajaban armados y en un camioneta Hilux lograron escapar del lugar, antes de ser detenidos.<\/p>\n<p>Uribe Esquivel y su equipo resultaron ilesos, y se\u00f1alaron que el ataque podr\u00eda provenir de sus adversarios pol\u00edticos, por lo que se\u00f1alaron proceder\u00e1 a presentar la denuncia correspondiente.<\/p>\n<p>\u201cVieron que \u00edbamos y nos aventaron la camioneta, optamos por salirnos de la carretera tantito, y gracias a dios no pas\u00f3 nada, andan armados, andan queriendo amedrentar\u201d, indic\u00f3 el candidato.<\/p>\n<p>Cabe se\u00f1alar que durante el actual proceso electoral, del 29 de abril al 28 de mayo, al menos dos candidatos han sido asesinados en Veracruz, adem\u00e1s de que otros han denunciado amenazas.<\/p>\n<p>De acuerdo con las autoridades estatales m\u00e1s de 50 abanderados de diferentes partidos han solicitado protecci\u00f3n, y se sabe que el mayor numero de estas solicitudes provienen de candidatos de Movimiento Ciudadano.<\/p>\n<\/div>\n<\/div>\n<div class=\"notas-relacionadas\"><\/div>\n<div class=\"nota-tags\"><\/div>\n","protected":false},"excerpt":{"rendered":"<p>El candidato de Movimiento Ciudadano a la presidencia municipal de Las Choapas, al sur del estado de Veracruz, Jes\u00fas Uribe<\/p>\n","protected":false},"author":4,"featured_media":63076,"comment_status":"closed","ping_status":"closed","sticky":false,"template":"","format":"standard","meta":{"colormag_page_container_layout":"default_layout","colormag_page_sidebar_layout":"default_layout","_jetpack_memberships_contains_paid_content":false,"footnotes":"","jetpack_publicize_message":"","jetpack_publicize_feature_enabled":true,"jetpack_social_post_already_shared":false,"jetpack_social_options":{"image_generator_settings":{"template":"highway","default_image_id":0,"font":"","enabled":false},"version":2}},"categories":[30],"tags":[],"class_list":["post-63075","post","type-post","status-publish","format-standard","has-post-thumbnail","hentry","category-estados"],"jetpack_publicize_connections":[],"jetpack_featured_media_url":"https:\/\/i0.wp.com\/politicosaldesnudo.com.mx\/wp-content\/uploads\/2025\/05\/ATEN.jpg?fit=563%2C446&ssl=1","jetpack-related-posts":[],"jetpack_sharing_enabled":true,"_links":{"self":[{"href":"https:\/\/politicosaldesnudo.com.mx\/index.php\/wp-json\/wp\/v2\/posts\/63075","targetHints":{"allow":["GET"]}}],"collection":[{"href":"https:\/\/politicosaldesnudo.com.mx\/index.php\/wp-json\/wp\/v2\/posts"}],"about":[{"href":"https:\/\/politicosaldesnudo.com.mx\/index.php\/wp-json\/wp\/v2\/types\/post"}],"author":[{"embeddable":true,"href":"https:\/\/politicosaldesnudo.com.mx\/index.php\/wp-json\/wp\/v2\/users\/4"}],"replies":[{"embeddable":true,"href":"https:\/\/politicosaldesnudo.com.mx\/index.php\/wp-json\/wp\/v2\/comments?post=63075"}],"version-history":[{"count":0,"href":"https:\/\/politicosaldesnudo.com.mx\/index.php\/wp-json\/wp\/v2\/posts\/63075\/revisions"}],"wp:featuredmedia":[{"embeddable":true,"href":"https:\/\/politicosaldesnudo.com.mx\/index.php\/wp-json\/wp\/v2\/media\/63076"}],"wp:attachment":[{"href":"https:\/\/politicosaldesnudo.com.mx\/index.php\/wp-json\/wp\/v2\/media?parent=63075"}],"wp:term":[{"taxonomy":"category","embeddable":true,"href":"https:\/\/politicosaldesnudo.com.mx\/index.php\/wp-json\/wp\/v2\/categories?post=63075"},{"taxonomy":"post_tag","embeddable":true,"href":"https:\/\/politicosaldesnudo.com.mx\/index.php\/wp-json\/wp\/v2\/tags?post=63075"}],"curies":[{"name":"wp","href":"https:\/\/api.w.org\/{rel}","templated":true}]}}