{"id":6312,"date":"2022-06-08T14:32:10","date_gmt":"2022-06-08T19:32:10","guid":{"rendered":"https:\/\/politicosaldesnudo.com.mx\/?p=6312"},"modified":"2022-06-08T16:05:22","modified_gmt":"2022-06-08T21:05:22","slug":"responde-presidente-a-rubio-cual-es-mi-vinculacion-con-el-narco-en-mexico-yo-no-soy-felipe-calderon","status":"publish","type":"post","link":"https:\/\/politicosaldesnudo.com.mx\/index.php\/2022\/06\/08\/responde-presidente-a-rubio-cual-es-mi-vinculacion-con-el-narco-en-mexico-yo-no-soy-felipe-calderon\/","title":{"rendered":"Responde presidente a Rubio: \u00bfCu\u00e1l es mi vinculaci\u00f3n con el narco en M\u00e9xico? Yo no soy\u00a0Felipe Calder\u00f3n"},"content":{"rendered":"<p>&nbsp;<\/p>\n<p class=\"p1\"><span style=\"font-size: 18pt;\"><em><strong>Ciudad de M\u00e9xico.<\/strong> <\/em>El presidente Andr\u00e9s Manuel L\u00f3pez Obrador se defiende de las acusaciones del senador por Florida, Marco Rubio, <span data-offset-key=\"7l9l6-4-0\">despu\u00e9s de haberlo <\/span><span data-offset-key=\"7l9l6-5-0\">acusado<\/span><span data-offset-key=\"7l9l6-6-0\"> de permitir en M\u00e9xico la expansi\u00f3n del crimen organizado.<\/span><\/span><\/p>\n<p class=\"p1\"><span style=\"font-size: 18pt;\"><strong>Este 7 de junio Marco Rubio declar\u00f3: \u201cMe alegra ver que el presidente mexicano, que ha entregado secciones de su pa\u00eds a los c\u00e1rteles de droga y es un apologista de la tiran\u00eda en Cuba, un dictador asesino en Nicaragua y de un narcotraficante en Venezuela, no estar\u00e1 en Estados Unidos esta semana\u201d<\/strong><\/span><\/p>\n<p class=\"p3\"><span style=\"font-size: 18pt;\"><strong>Frente este alegato el mandatario federal se\u00f1al\u00f3 en la Conferencia Matutina: \u201c\u00bfCu\u00e1l es mi vinculaci\u00f3n con el narcotr\u00e1fico en M\u00e9xico? Yo no soy\u00a0Felipe Calder\u00f3n, aunque no les guste no s\u00f3lo a sus m\u00e1s cercanos simpatizantes, sino a muchos que votaron por \u00e9l\u201d<\/strong><\/span><\/p>\n<p class=\"p3\"><span style=\"font-size: 14pt;\">Adem\u00e1s, dijo que Cruz recibe financiamiento de los cabilderos defensores de armas en Estados Unidos para orientar su posici\u00f3n legislativa.<\/span><\/p>\n<p>&nbsp;<\/p>\n<p><img data-recalc-dims=\"1\" loading=\"lazy\" decoding=\"async\" class=\"aligncenter wp-image-6314\" src=\"https:\/\/i0.wp.com\/politicosaldesnudo.com.mx\/wp-content\/uploads\/2022\/06\/AP376074204648-1024x529-1-300x155.jpeg?resize=800%2C413&#038;ssl=1\" alt=\"\" width=\"800\" height=\"413\" srcset=\"https:\/\/i0.wp.com\/politicosaldesnudo.com.mx\/wp-content\/uploads\/2022\/06\/AP376074204648-1024x529-1.jpeg?resize=300%2C155&amp;ssl=1 300w, https:\/\/i0.wp.com\/politicosaldesnudo.com.mx\/wp-content\/uploads\/2022\/06\/AP376074204648-1024x529-1.jpeg?resize=768%2C397&amp;ssl=1 768w, https:\/\/i0.wp.com\/politicosaldesnudo.com.mx\/wp-content\/uploads\/2022\/06\/AP376074204648-1024x529-1.jpeg?w=1024&amp;ssl=1 1024w\" sizes=\"auto, (max-width: 800px) 100vw, 800px\" \/><\/p>\n<p>&nbsp;<\/p>\n<p class=\"p1\"><span style=\"font-size: 18pt;\"><strong>Incluso Andr\u00e9s Manuel L\u00f3pez Obrador record\u00f3 que los senadores estadounidenses Marco Rubio y Ted Cruz, as\u00ed como el legislador del partido Dem\u00f3crata, Roberto Men\u00e9ndez, autorizaron por unanimidad 40 mil millones de d\u00f3lares para armar a Ucrania en su guerra que mantiene con Rusia en Europa y a la fecha, han negado un apoyo de cuatro mil millones de d\u00f3lares para resolver el problema de fondo del fen\u00f3meno migratorio en Centroam\u00e9rica.<\/strong><\/span><\/p>\n<blockquote>\n<p class=\"p3\"><span style=\"font-size: 14pt;\">Yo le digo al se\u00f1or Ted Cruz, Marco Rubio, pero tambi\u00e9n al otro, a los dos, que presenten pruebas, porque yo s\u00ed tengo pruebas de que el se\u00f1or Ted Cruz, senador de Texas de origen hispano, que obtiene sus votos por los hispanos, yo lo emplazo a que presente las pruebas\u201d, sentenci\u00f3 Andr\u00e9s Manuel L\u00f3pez Obrador.<span class=\"Apple-converted-space\">\u00a0<\/span><\/span><\/p>\n<p class=\"p3\"><span style=\"font-size: 14pt;\">Porque yo s\u00ed tengo pruebas de que a \u00e9l le han dado dinero los que est\u00e1n a favor de la fabricaci\u00f3n de armas en Estados Unidos y de que no haya ninguna prohibici\u00f3n para la venta de armas, yo tengo las pruebas\u201d, sostuvo.<\/span><\/p>\n<\/blockquote>\n<p><strong><span style=\"font-size: 18pt;\">\u00abEl a\u00f1o pasado creo que le dieron como 120 mil d\u00f3lares, la fundaci\u00f3n esta, llamada Rifle, la Asociaci\u00f3n Nacional del Rifle\u00bb<\/span><\/strong><\/p>\n<p class=\"p3\"><span style=\"font-size: 18pt;\"><strong>Adem\u00e1s, exhibi\u00f3 un video donde un periodista aborda a Cruz acerca de la demanda ciudadana de regular la venta de armas, luego del\u00a0tiroteo de Uvalde, Texas, que produjo la muerte de 19 menores de edad y dos personas adultas.<\/strong><\/span><\/p>\n<p class=\"p3\"><span style=\"font-size: 14pt;\">En el clip reproducido en la conferencia matutina, el legislador acusa al periodista que lo aborda de tener una agenda pol\u00edtica y evita dar una respuesta clara sobre la regulaci\u00f3n de armamento en Estados Unidos.<\/span><\/p>\n<p>&nbsp;<\/p>\n<p>&nbsp;<\/p>\n","protected":false},"excerpt":{"rendered":"<p>&nbsp; Ciudad de M\u00e9xico. El presidente Andr\u00e9s Manuel L\u00f3pez Obrador se defiende de las acusaciones del senador por Florida, Marco<\/p>\n","protected":false},"author":4,"featured_media":6313,"comment_status":"closed","ping_status":"closed","sticky":false,"template":"","format":"standard","meta":{"colormag_page_container_layout":"default_layout","colormag_page_sidebar_layout":"default_layout","_jetpack_memberships_contains_paid_content":false,"footnotes":"","jetpack_publicize_message":"","jetpack_publicize_feature_enabled":true,"jetpack_social_post_already_shared":false,"jetpack_social_options":{"image_generator_settings":{"template":"highway","default_image_id":0,"font":"","enabled":false},"version":2}},"categories":[33],"tags":[95,340,932,478,931],"class_list":["post-6312","post","type-post","status-publish","format-standard","has-post-thumbnail","hentry","category-nacional","tag-andres-manuel-lopez-obrador","tag-armas","tag-marco-rubio","tag-narcotrafico","tag-ted-cruz"],"jetpack_publicize_connections":[],"jetpack_featured_media_url":"https:\/\/i0.wp.com\/politicosaldesnudo.com.mx\/wp-content\/uploads\/2022\/06\/AMLO-TED-CRUZ-MARCO-RUBIO.jpeg?fit=1200%2C800&ssl=1","jetpack-related-posts":[],"jetpack_sharing_enabled":true,"_links":{"self":[{"href":"https:\/\/politicosaldesnudo.com.mx\/index.php\/wp-json\/wp\/v2\/posts\/6312","targetHints":{"allow":["GET"]}}],"collection":[{"href":"https:\/\/politicosaldesnudo.com.mx\/index.php\/wp-json\/wp\/v2\/posts"}],"about":[{"href":"https:\/\/politicosaldesnudo.com.mx\/index.php\/wp-json\/wp\/v2\/types\/post"}],"author":[{"embeddable":true,"href":"https:\/\/politicosaldesnudo.com.mx\/index.php\/wp-json\/wp\/v2\/users\/4"}],"replies":[{"embeddable":true,"href":"https:\/\/politicosaldesnudo.com.mx\/index.php\/wp-json\/wp\/v2\/comments?post=6312"}],"version-history":[{"count":0,"href":"https:\/\/politicosaldesnudo.com.mx\/index.php\/wp-json\/wp\/v2\/posts\/6312\/revisions"}],"wp:featuredmedia":[{"embeddable":true,"href":"https:\/\/politicosaldesnudo.com.mx\/index.php\/wp-json\/wp\/v2\/media\/6313"}],"wp:attachment":[{"href":"https:\/\/politicosaldesnudo.com.mx\/index.php\/wp-json\/wp\/v2\/media?parent=6312"}],"wp:term":[{"taxonomy":"category","embeddable":true,"href":"https:\/\/politicosaldesnudo.com.mx\/index.php\/wp-json\/wp\/v2\/categories?post=6312"},{"taxonomy":"post_tag","embeddable":true,"href":"https:\/\/politicosaldesnudo.com.mx\/index.php\/wp-json\/wp\/v2\/tags?post=6312"}],"curies":[{"name":"wp","href":"https:\/\/api.w.org\/{rel}","templated":true}]}}