{"id":63137,"date":"2025-05-17T00:14:31","date_gmt":"2025-05-17T06:14:31","guid":{"rendered":"https:\/\/politicosaldesnudo.com.mx\/?p=63137"},"modified":"2025-05-16T22:22:56","modified_gmt":"2025-05-17T04:22:56","slug":"despliegan-mas-de-300-agentes-de-la-aic-en-veracruz","status":"publish","type":"post","link":"https:\/\/politicosaldesnudo.com.mx\/index.php\/2025\/05\/17\/despliegan-mas-de-300-agentes-de-la-aic-en-veracruz\/","title":{"rendered":"Despliegan m\u00e1s de 300 agentes de la AIC en Veracruz"},"content":{"rendered":"<p class=\"nota-justify\">M\u00e1s de 300 agentes de la Agencia de Investigaci\u00f3n Criminal fueron desplegados en la zona conurbada Veracruz-Boca del R\u00edo como parte de intensos operativos que se han realizado en la ciudad.<\/p>\n<p class=\"nota-justify\">La tarde de este viernes 16 de mayo los uniformados se reunieron en las afueras del Foro Boca, junto con m\u00e1s de 90 veh\u00edculos, para de ah\u00ed movilizarse a algunos puntos estrat\u00e9gicos.<\/p>\n<p class=\"nota-justify\">Luego del asesinato de dos agentes federales en un enfrentamiento el pasado 12 de mayo durante un operativo antisecuestros, la Fiscal\u00eda federal ha implementado movilizaciones en fraccionamientos de la zona, donde se realizan revisiones a veh\u00edculos y transe\u00fantes.<\/p>\n<p class=\"nota-justify\">\u201cEsto es por sus compa\u00f1eros ca\u00eddos\u201d dijo uno de los mandos frente a los uniformados que se preparaban a salir a los operativos implementados en la ciudad.<\/p>\n<p class=\"nota-justify\">Los retenes en las calles de la ciudad han provocado congestionamientos vehiculares en las vialidades m\u00e1s importantes de la ciudad.<\/p>\n<p class=\"nota-justify\">El d\u00eda 13 de mayo, en el fraccionamiento Floresta de Veracruz, los uniformados aseguraron un veh\u00edculo de la marca Volkswagen en medio de un operativo de m\u00e1s de 20 veh\u00edculos oficiales.<\/p>\n<p class=\"nota-justify\">Asimismo, desde el d\u00eda del enfrentamiento se tiene conocimiento de una casa particular resguardada por agentes federales y elementos de la Marina, sin que hasta el momento se brinde informaci\u00f3n oficial.<\/p>\n<p class=\"nota-justify\">En diferentes calles los agentes federales son observados portando armas largas y pistolas desenfundadas, lo que ha generado asombro y preocupaci\u00f3n entre la poblaci\u00f3n.<\/p>\n<p class=\"nota-justify\">Las autoridades han pedido a la poblaci\u00f3n mantener la calma y no hacer caso ni difundir rumores o noticias falsas mientras se mantienen las movilizaciones.<\/p>\n","protected":false},"excerpt":{"rendered":"<p>M\u00e1s de 300 agentes de la Agencia de Investigaci\u00f3n Criminal fueron desplegados en la zona conurbada Veracruz-Boca del R\u00edo como<\/p>\n","protected":false},"author":4,"featured_media":63138,"comment_status":"closed","ping_status":"closed","sticky":false,"template":"","format":"standard","meta":{"colormag_page_container_layout":"default_layout","colormag_page_sidebar_layout":"default_layout","_jetpack_memberships_contains_paid_content":false,"footnotes":"","jetpack_publicize_message":"","jetpack_publicize_feature_enabled":true,"jetpack_social_post_already_shared":false,"jetpack_social_options":{"image_generator_settings":{"template":"highway","default_image_id":0,"font":"","enabled":false},"version":2}},"categories":[30],"tags":[],"class_list":["post-63137","post","type-post","status-publish","format-standard","has-post-thumbnail","hentry","category-estados"],"jetpack_publicize_connections":[],"jetpack_featured_media_url":"https:\/\/i0.wp.com\/politicosaldesnudo.com.mx\/wp-content\/uploads\/2025\/05\/VER.jpg?fit=756%2C503&ssl=1","jetpack-related-posts":[],"jetpack_sharing_enabled":true,"_links":{"self":[{"href":"https:\/\/politicosaldesnudo.com.mx\/index.php\/wp-json\/wp\/v2\/posts\/63137","targetHints":{"allow":["GET"]}}],"collection":[{"href":"https:\/\/politicosaldesnudo.com.mx\/index.php\/wp-json\/wp\/v2\/posts"}],"about":[{"href":"https:\/\/politicosaldesnudo.com.mx\/index.php\/wp-json\/wp\/v2\/types\/post"}],"author":[{"embeddable":true,"href":"https:\/\/politicosaldesnudo.com.mx\/index.php\/wp-json\/wp\/v2\/users\/4"}],"replies":[{"embeddable":true,"href":"https:\/\/politicosaldesnudo.com.mx\/index.php\/wp-json\/wp\/v2\/comments?post=63137"}],"version-history":[{"count":0,"href":"https:\/\/politicosaldesnudo.com.mx\/index.php\/wp-json\/wp\/v2\/posts\/63137\/revisions"}],"wp:featuredmedia":[{"embeddable":true,"href":"https:\/\/politicosaldesnudo.com.mx\/index.php\/wp-json\/wp\/v2\/media\/63138"}],"wp:attachment":[{"href":"https:\/\/politicosaldesnudo.com.mx\/index.php\/wp-json\/wp\/v2\/media?parent=63137"}],"wp:term":[{"taxonomy":"category","embeddable":true,"href":"https:\/\/politicosaldesnudo.com.mx\/index.php\/wp-json\/wp\/v2\/categories?post=63137"},{"taxonomy":"post_tag","embeddable":true,"href":"https:\/\/politicosaldesnudo.com.mx\/index.php\/wp-json\/wp\/v2\/tags?post=63137"}],"curies":[{"name":"wp","href":"https:\/\/api.w.org\/{rel}","templated":true}]}}