{"id":63140,"date":"2025-05-17T00:15:55","date_gmt":"2025-05-17T06:15:55","guid":{"rendered":"https:\/\/politicosaldesnudo.com.mx\/?p=63140"},"modified":"2025-05-16T22:25:12","modified_gmt":"2025-05-17T04:25:12","slug":"bc-y-gobierno-federal-acuerdan-construccion-de-planta-desaladora","status":"publish","type":"post","link":"https:\/\/politicosaldesnudo.com.mx\/index.php\/2025\/05\/17\/bc-y-gobierno-federal-acuerdan-construccion-de-planta-desaladora\/","title":{"rendered":"BC y gobierno federal acuerdan construcci\u00f3n de planta desaladora"},"content":{"rendered":"<p>El gobierno federal y el de Baja California convinieron en la construcci\u00f3n de una planta desaladora destinada a garantizar el suministro de agua a los habitantes de Playas de Rosarito y de Tijuana considerada una prioridad estrat\u00e9gica nacional.<\/p>\n<p>La principal fuente de suministro de l\u00edquido para esta entidad del noroeste mexicano es el afluente del r\u00edo Colorado, conforme al acuerdo de la Comisi\u00f3n Internacional de L\u00edmites y Aguas entre M\u00e9xico y Estados Unidos.<\/p>\n<p>El convenio de colaboraci\u00f3n fue firmado por la gobernadora Marina del Pilar \u00c1vila Olmeda y el director general de la Comisi\u00f3n Nacional del Agua, Efra\u00edn Morales L\u00f3pez.<\/p>\n<p>Tras agradecer a la presidenta Claudia Sheinbaum, la gobernadora advirti\u00f3 que la transformaci\u00f3n empieza cuando el agua deja de ser promesa y se convierte en derecho.<\/p>\n<p>Explic\u00f3 que la obra de Infraestructura es parte de los proyectos estrat\u00e9gicos del Plan Nacional H\u00eddrico 2024\u20132030 y tendr\u00e1 una inversi\u00f3n conjunta de 12 mil millones de pesos.<\/p>\n<p>Con la desaladora se garantizar\u00e1 agua suficiente para las ciudades de Tijuana y Playas de Rosarito y dejar atr\u00e1s el desabasto.<\/p>\n<p>El secretario para el Manejo, Saneamiento y Protecci\u00f3n del Agua en Baja California, V\u00edctor Daniel Amador, inform\u00f3 que a CONAGUA le corresponde construir la planta y al estado la infraestructura para la conducci\u00f3n y distribuci\u00f3n del agua.<\/p>\n","protected":false},"excerpt":{"rendered":"<p>El gobierno federal y el de Baja California convinieron en la construcci\u00f3n de una planta desaladora destinada a garantizar el<\/p>\n","protected":false},"author":4,"featured_media":63141,"comment_status":"closed","ping_status":"closed","sticky":false,"template":"","format":"standard","meta":{"colormag_page_container_layout":"default_layout","colormag_page_sidebar_layout":"default_layout","_jetpack_memberships_contains_paid_content":false,"footnotes":"","jetpack_publicize_message":"","jetpack_publicize_feature_enabled":true,"jetpack_social_post_already_shared":false,"jetpack_social_options":{"image_generator_settings":{"template":"highway","default_image_id":0,"font":"","enabled":false},"version":2}},"categories":[30],"tags":[],"class_list":["post-63140","post","type-post","status-publish","format-standard","has-post-thumbnail","hentry","category-estados"],"jetpack_publicize_connections":[],"jetpack_featured_media_url":"https:\/\/i0.wp.com\/politicosaldesnudo.com.mx\/wp-content\/uploads\/2025\/05\/ASMAR.jpg?fit=750%2C506&ssl=1","jetpack-related-posts":[],"jetpack_sharing_enabled":true,"_links":{"self":[{"href":"https:\/\/politicosaldesnudo.com.mx\/index.php\/wp-json\/wp\/v2\/posts\/63140","targetHints":{"allow":["GET"]}}],"collection":[{"href":"https:\/\/politicosaldesnudo.com.mx\/index.php\/wp-json\/wp\/v2\/posts"}],"about":[{"href":"https:\/\/politicosaldesnudo.com.mx\/index.php\/wp-json\/wp\/v2\/types\/post"}],"author":[{"embeddable":true,"href":"https:\/\/politicosaldesnudo.com.mx\/index.php\/wp-json\/wp\/v2\/users\/4"}],"replies":[{"embeddable":true,"href":"https:\/\/politicosaldesnudo.com.mx\/index.php\/wp-json\/wp\/v2\/comments?post=63140"}],"version-history":[{"count":0,"href":"https:\/\/politicosaldesnudo.com.mx\/index.php\/wp-json\/wp\/v2\/posts\/63140\/revisions"}],"wp:featuredmedia":[{"embeddable":true,"href":"https:\/\/politicosaldesnudo.com.mx\/index.php\/wp-json\/wp\/v2\/media\/63141"}],"wp:attachment":[{"href":"https:\/\/politicosaldesnudo.com.mx\/index.php\/wp-json\/wp\/v2\/media?parent=63140"}],"wp:term":[{"taxonomy":"category","embeddable":true,"href":"https:\/\/politicosaldesnudo.com.mx\/index.php\/wp-json\/wp\/v2\/categories?post=63140"},{"taxonomy":"post_tag","embeddable":true,"href":"https:\/\/politicosaldesnudo.com.mx\/index.php\/wp-json\/wp\/v2\/tags?post=63140"}],"curies":[{"name":"wp","href":"https:\/\/api.w.org\/{rel}","templated":true}]}}