{"id":63180,"date":"2025-05-19T00:09:03","date_gmt":"2025-05-19T06:09:03","guid":{"rendered":"https:\/\/politicosaldesnudo.com.mx\/?p=63180"},"modified":"2025-05-18T20:26:27","modified_gmt":"2025-05-19T02:26:27","slug":"mas-de-20-mil-personas-se-manifiestan-en-canarias-contra-el-turismo-masivo","status":"publish","type":"post","link":"https:\/\/politicosaldesnudo.com.mx\/index.php\/2025\/05\/19\/mas-de-20-mil-personas-se-manifiestan-en-canarias-contra-el-turismo-masivo\/","title":{"rendered":"M\u00e1s de 20 mil personas se manifiestan en Canarias contra el turismo masivo"},"content":{"rendered":"<p class=\"nota-justify\">Alrededor de 20 mil personas se manifestaron en las Islas Canarias contra el turismo masivo y degradante, que provoc\u00f3, entre otros cosas, el encarecimiento sin tregua de la vivienda y la expulsi\u00f3n de los barrios de los vecinos aut\u00f3ctonos. El principal reclamo es que las autoridades p\u00fablicas, tanto las centrales, presididas por el socialista Pedro S\u00e1nchez, como las auton\u00f3micas y municipales, pongan soluci\u00f3n a esta problem\u00e1tica y se adopten cambios \u201curgentes\u201d en las pol\u00edticas p\u00fablicas para combatir un fen\u00f3meno que se ha convertido en la principal preocupaci\u00f3n de los ciudadanos de los principales centros tur\u00edsticos del archipi\u00e9lago.<\/p>\n<p class=\"nota-justify\">Las Islas Canarias es una de las regiones de Espa\u00f1a con los sueldos m\u00e1s bajos, con la tasa de desempleo m\u00e1s alta y con la mayor concentraci\u00f3n de trabajos precarios del pa\u00eds, la mayor\u00eda de ellos vinculados directa o indirectamente con el turismo, que es a su vez su principal fuente de ingresos. De ah\u00ed que una parte de la poblaci\u00f3n decidi\u00f3 salir de nuevo de las calles -en los \u00faltimos doce meses se han registrado hasta siete protestas masivas contra el turismo-, bajo el lema \u201cCanarias tiene un l\u00edmite\u201d y en la que adem\u00e1s instaron al presidente auton\u00f3mico, Fernando Clavijo, del partido nacionalista Coalici\u00f3n Canaria (CC), a que escuche su reclamo.<\/p>\n<p class=\"nota-justify\">Las protestas se llevaron a cabo en los principales centros poblacionales de las islas: en Tenerife, la capital, se reunieron hasta 15 mil personas, seguida de Gran Canaria, con cinco mil; Lanzarote, con dos mil; La Palma, con 500; Fuerteventura, 150; La Gomera, con 100, y El Hierro, con 90. Entre las consignas que se gritaron se escucharon frases como \u201cL\u00edderes en turismo y en pobreza: los esclavos de Europa\u201d, \u201cEs hora de despertarnos, nos jugamos el futuro de nuestra casa\u201d, \u201cPor un mar limpio, no m\u00e1s vertidos\u201d.<\/p>\n<p class=\"nota-justify\">En declaraciones a los medios de comunicaci\u00f3n, Helena Espinosa, vocera de la plataforma que convoc\u00f3 la protesta, explic\u00f3 que su objetivo es \u201cvisibilizar la exigencia de un cambio de modelo que agota y exprime. Siguen insistiendo en este turismo de masas, en esta f\u00f3rmula que agota nuestros recursos y modo de vida\u201d. Adem\u00e1s apunt\u00f3 que \u201cno estamos en contra del turismo, estamos a favor de un modelo en el que se controle y mida la cantidad de turistas que somos capaces de recibir en unas islas ya colapsadas. Vamos por los 18 millones de turistas (al a\u00f1o) y parece que esto va a m\u00e1s. Seguimos con campa\u00f1as, con ese llamamiento sin aforo y sin l\u00edmite\u201d.<\/p>\n<p class=\"nota-justify\">Felipe Ravina, original de las Islas Canarias y documentalista, explic\u00f3 por su parte que \u201cestamos ya en 18 millones de turistas al a\u00f1o y en s\u00f3lo los \u00faltimos 20 a\u00f1os la poblaci\u00f3n en el archipi\u00e9lago, que viene de fuera, ha aumentado en 600 mil personas, y somos un territorio muy limitado que no puede sostener, ni por recursos ni por espacio, un aumento infinito de personas\u201d.<\/p>\n<p class=\"nota-justify\">Adem\u00e1s exigieron una serie de reformas \u201curgentes\u201d, como la paralizaci\u00f3n inmediata de proyectos destructivos y derribo de aquellos ya declarados ilegales, una moratoria hotelera y vacacional real, una Ley de Residencia e impulsar energ\u00edas renovables sin perjuicio del medio ambiente del territorio.<\/p>\n","protected":false},"excerpt":{"rendered":"<p>Alrededor de 20 mil personas se manifestaron en las Islas Canarias contra el turismo masivo y degradante, que provoc\u00f3, entre<\/p>\n","protected":false},"author":4,"featured_media":63181,"comment_status":"closed","ping_status":"closed","sticky":false,"template":"","format":"standard","meta":{"colormag_page_container_layout":"default_layout","colormag_page_sidebar_layout":"default_layout","_jetpack_memberships_contains_paid_content":false,"footnotes":"","jetpack_publicize_message":"","jetpack_publicize_feature_enabled":true,"jetpack_social_post_already_shared":false,"jetpack_social_options":{"image_generator_settings":{"template":"highway","default_image_id":0,"font":"","enabled":false},"version":2}},"categories":[2050],"tags":[],"class_list":["post-63180","post","type-post","status-publish","format-standard","has-post-thumbnail","hentry","category-economia"],"jetpack_publicize_connections":[],"jetpack_featured_media_url":"https:\/\/i0.wp.com\/politicosaldesnudo.com.mx\/wp-content\/uploads\/2025\/05\/TURM.jpg?fit=746%2C482&ssl=1","jetpack-related-posts":[],"jetpack_sharing_enabled":true,"_links":{"self":[{"href":"https:\/\/politicosaldesnudo.com.mx\/index.php\/wp-json\/wp\/v2\/posts\/63180","targetHints":{"allow":["GET"]}}],"collection":[{"href":"https:\/\/politicosaldesnudo.com.mx\/index.php\/wp-json\/wp\/v2\/posts"}],"about":[{"href":"https:\/\/politicosaldesnudo.com.mx\/index.php\/wp-json\/wp\/v2\/types\/post"}],"author":[{"embeddable":true,"href":"https:\/\/politicosaldesnudo.com.mx\/index.php\/wp-json\/wp\/v2\/users\/4"}],"replies":[{"embeddable":true,"href":"https:\/\/politicosaldesnudo.com.mx\/index.php\/wp-json\/wp\/v2\/comments?post=63180"}],"version-history":[{"count":0,"href":"https:\/\/politicosaldesnudo.com.mx\/index.php\/wp-json\/wp\/v2\/posts\/63180\/revisions"}],"wp:featuredmedia":[{"embeddable":true,"href":"https:\/\/politicosaldesnudo.com.mx\/index.php\/wp-json\/wp\/v2\/media\/63181"}],"wp:attachment":[{"href":"https:\/\/politicosaldesnudo.com.mx\/index.php\/wp-json\/wp\/v2\/media?parent=63180"}],"wp:term":[{"taxonomy":"category","embeddable":true,"href":"https:\/\/politicosaldesnudo.com.mx\/index.php\/wp-json\/wp\/v2\/categories?post=63180"},{"taxonomy":"post_tag","embeddable":true,"href":"https:\/\/politicosaldesnudo.com.mx\/index.php\/wp-json\/wp\/v2\/tags?post=63180"}],"curies":[{"name":"wp","href":"https:\/\/api.w.org\/{rel}","templated":true}]}}