{"id":63183,"date":"2025-05-19T00:10:27","date_gmt":"2025-05-19T06:10:27","guid":{"rendered":"https:\/\/politicosaldesnudo.com.mx\/?p=63183"},"modified":"2025-05-18T20:28:46","modified_gmt":"2025-05-19T02:28:46","slug":"desmiente-nissan-cierre-de-plantas-en-mexico","status":"publish","type":"post","link":"https:\/\/politicosaldesnudo.com.mx\/index.php\/2025\/05\/19\/desmiente-nissan-cierre-de-plantas-en-mexico\/","title":{"rendered":"Desmiente Nissan cierre de plantas en M\u00e9xico"},"content":{"rendered":"<p>Nissan desminti\u00f3 que, como parte de los planes de su restructuraci\u00f3n, tenga planeado cerrar dos plantas ubicadas en M\u00e9xico.<\/p>\n<p>En las primeras horas del s\u00e1bado circul\u00f3 una informaci\u00f3n que se\u00f1alaba que la automotriz japonesa se encontraba evaluando la posibilidad de cerrar dos f\u00e1bricas en territorio mexicano, entre otros, lo cual ocurre d\u00edas despu\u00e9s de que anunci\u00f3 un plan para reducir costos.<\/p>\n<p>\u201cEn relaci\u00f3n con los recientes informes sobre el posible cierre de algunas plantas, Nissan desea aclarar que esta noticia es especulativa y no se basa en informaci\u00f3n oficial de la compa\u00f1\u00eda\u201d, indic\u00f3.<\/p>\n<p>\u201cHemos anunciado oficialmente la consolidaci\u00f3n de la producci\u00f3n de las camionetas Nissan Frontier\/Nissan Navara, actualmente divididas entre M\u00e9xico y Argentina, en un \u00fanico centro de producci\u00f3n en la regi\u00f3n, centralizado en la planta CIVAC en Morelos, M\u00e9xico\u201d, se\u00f1al\u00f3.<\/p>\n<p>\u201cNos centramos en nuestras operaciones y en el dedicado equipo que impulsa nuestro \u00e9xito. Nos comprometemos a mantener la transparencia con nuestros grupos de inter\u00e9s y comunicaremos cualquier actualizaci\u00f3n relevante seg\u00fan sea necesario\u201d, indic\u00f3 en un breve comunicado.<\/p>\n<p>Con el anuncio de su reestructuraci\u00f3n, la automotriz dijo que \u201cM\u00e9xico seguir\u00e1 siendo un importante centro de exportaci\u00f3n, contribuyendo significativamente a las ganancias y al crecimiento\u201d.<\/p>\n<p>Adem\u00e1s, en una entrevista con\u00a0<i>La Jornada<\/i>, Rodrigo Centeno Caballero, presidente y director general de la automotriz japonesa en el pa\u00eds, coment\u00f3 que a\u00fan no se esperaban cambios profundos, pues M\u00e9xico es uno de los principales mercados de la firma<\/p>\n","protected":false},"excerpt":{"rendered":"<p>Nissan desminti\u00f3 que, como parte de los planes de su restructuraci\u00f3n, tenga planeado cerrar dos plantas ubicadas en M\u00e9xico. En<\/p>\n","protected":false},"author":4,"featured_media":63184,"comment_status":"closed","ping_status":"closed","sticky":false,"template":"","format":"standard","meta":{"colormag_page_container_layout":"default_layout","colormag_page_sidebar_layout":"default_layout","_jetpack_memberships_contains_paid_content":false,"footnotes":"","jetpack_publicize_message":"","jetpack_publicize_feature_enabled":true,"jetpack_social_post_already_shared":false,"jetpack_social_options":{"image_generator_settings":{"template":"highway","default_image_id":0,"font":"","enabled":false},"version":2}},"categories":[2050],"tags":[],"class_list":["post-63183","post","type-post","status-publish","format-standard","has-post-thumbnail","hentry","category-economia"],"jetpack_publicize_connections":[],"jetpack_featured_media_url":"https:\/\/i0.wp.com\/politicosaldesnudo.com.mx\/wp-content\/uploads\/2025\/05\/NISS-1.jpg?fit=602%2C491&ssl=1","jetpack-related-posts":[],"jetpack_sharing_enabled":true,"_links":{"self":[{"href":"https:\/\/politicosaldesnudo.com.mx\/index.php\/wp-json\/wp\/v2\/posts\/63183","targetHints":{"allow":["GET"]}}],"collection":[{"href":"https:\/\/politicosaldesnudo.com.mx\/index.php\/wp-json\/wp\/v2\/posts"}],"about":[{"href":"https:\/\/politicosaldesnudo.com.mx\/index.php\/wp-json\/wp\/v2\/types\/post"}],"author":[{"embeddable":true,"href":"https:\/\/politicosaldesnudo.com.mx\/index.php\/wp-json\/wp\/v2\/users\/4"}],"replies":[{"embeddable":true,"href":"https:\/\/politicosaldesnudo.com.mx\/index.php\/wp-json\/wp\/v2\/comments?post=63183"}],"version-history":[{"count":0,"href":"https:\/\/politicosaldesnudo.com.mx\/index.php\/wp-json\/wp\/v2\/posts\/63183\/revisions"}],"wp:featuredmedia":[{"embeddable":true,"href":"https:\/\/politicosaldesnudo.com.mx\/index.php\/wp-json\/wp\/v2\/media\/63184"}],"wp:attachment":[{"href":"https:\/\/politicosaldesnudo.com.mx\/index.php\/wp-json\/wp\/v2\/media?parent=63183"}],"wp:term":[{"taxonomy":"category","embeddable":true,"href":"https:\/\/politicosaldesnudo.com.mx\/index.php\/wp-json\/wp\/v2\/categories?post=63183"},{"taxonomy":"post_tag","embeddable":true,"href":"https:\/\/politicosaldesnudo.com.mx\/index.php\/wp-json\/wp\/v2\/tags?post=63183"}],"curies":[{"name":"wp","href":"https:\/\/api.w.org\/{rel}","templated":true}]}}