{"id":63186,"date":"2025-05-19T00:11:43","date_gmt":"2025-05-19T06:11:43","guid":{"rendered":"https:\/\/politicosaldesnudo.com.mx\/?p=63186"},"modified":"2025-05-18T20:30:59","modified_gmt":"2025-05-19T02:30:59","slug":"integrantes-del-caucus-hispano-exhortan-a-rechazar-el-impuesto-a-las-remesas","status":"publish","type":"post","link":"https:\/\/politicosaldesnudo.com.mx\/index.php\/2025\/05\/19\/integrantes-del-caucus-hispano-exhortan-a-rechazar-el-impuesto-a-las-remesas\/","title":{"rendered":"Integrantes del Caucus Hispano exhortan a rechazar el impuesto a las remesas"},"content":{"rendered":"<p class=\"nota-justify\">El gravamen de 5 por ciento que se pretende imponer al env\u00edo de remesas de trabajadores indocumentados en Estados Unidos es \u201cprofundamente err\u00f3neo\u201d, sostuvo el congresista Adriano Espaillant, presidente del Caucus Hispano de la C\u00e1mara de Representantes.<\/p>\n<p class=\"nota-justify\">En una carta enviada al republicano Mike Johnson, presidente de esa c\u00e1mara del Congreso, el legislador dem\u00f3crata de origen dominicano afirm\u00f3 que el impuesto a las remesas de los trabajadores \u201cafecta desproporcionadamente a las comunidades inmigrantes, socava los lazos econ\u00f3micos con nuestros vecinos del hemisferio y contradice los principios mismos de libertad econ\u00f3mica y responsabilidad personal que este organismo afirma defender\u201d.<\/p>\n<p class=\"nota-justify\">As\u00ed lo expres\u00f3 en la misiva firmada por 24 de los 43 integrantes del grupo hispano de la C\u00e1mara de Representantes, encargada de elaborar el paquete presupuestal del gobierno.<\/p>\n<p class=\"nota-justify\">Los legisladores firmantes se oponen al impuesto a las remesas de los trabajadores indocumentados que pretende aplicar el gobierno de Donald Trump en el paquete fiscal del pr\u00f3ximo a\u00f1o.<\/p>\n<p class=\"nota-justify\">Por ello, exhortaron al presidente de la C\u00e1mara, Mike Johnson, a rechazar ese gravamen que afectar\u00eda a unos 40 millones de trabajadores en Estados Unidos. Argumentaron que las remesas no son un lujo \u201cfr\u00edvolo\u201d, sino recursos \u201cvitales\u201d para ayudar a los familiares a cubrir \u201csus necesidades de alimentaci\u00f3n, ropa, educaci\u00f3n y vivienda en pa\u00edses donde estas necesidades b\u00e1sicas suelen estar fuera de su alcance\u201d.<\/p>\n<p class=\"nota-justify\">Espaillant afirm\u00f3 que el impuesto a las remesas \u201ces discriminatorio en la pr\u00e1ctica y punitivo en sus efectos\u201d, pues se aplicar\u00eda a trabajadores con residencia permanente y titulares de visas de no inmigrante, mientras que eximir\u00eda a los ciudadanos estadounidenses, lo que \u201ccrea un preocupante sistema de doble nivel que castiga a los inmigrantes respetuosos de la ley y trabajadores que contribuyen a nuestra econom\u00eda y que a menudo desempe\u00f1an empleos esenciales en la agricultura, la atenci\u00f3n m\u00e9dica, la infraestructura y la tecnolog\u00eda\u201d. Agreg\u00f3 que esta pol\u00edtica tensionar\u00eda las relaciones diplom\u00e1ticas y econ\u00f3micas de Estados Unidos.<\/p>\n<p class=\"nota-justify\">En la misiva, se se\u00f1ala que la regi\u00f3n de Am\u00e9rica Latina y el Caribe (ALC) recibi\u00f3 m\u00e1s de 160 mil 900 millones de d\u00f3lares en remesas el a\u00f1o pasado, de los cuales 65 mil cien millones de d\u00f3lares se dirigieron a M\u00e9xico, seguidos de flujos a Guatemala, Rep\u00fablica Dominicana, Colombia y El Salvador.<\/p>\n<p class=\"nota-justify\">El Banco Interamericano de Desarrollo document\u00f3 que estas transferencias crecieron 9 por ciento en 2023 y son \u201ccruciales para la estabilidad y el desarrollo regional\u201d. \u201cImponerles un impuesto federal env\u00eda un mensaje inequ\u00edvoco de hostilidad tanto a los trabajadores migrantes como a nuestros vecinos del hemisferio occidental\u201d, argument\u00f3 el ex senador y ahora Representante del distrito 13 de Nueva York.<\/p>\n<p class=\"nota-justify\">Se refiri\u00f3 a la postura de la presidenta mexicana, Claudia Sheinbaum, quien ha condenado la propuesta de gravar las remesas, al calificarla de perjudicial econ\u00f3micamente para ambos pa\u00edses y de traici\u00f3n a los valores estadounidenses. \u201cTiene raz\u00f3n\u201d, dijo el legislador, \u201cun impuesto a las remesas no solo supone una carga para las familias necesitadas, sino que tambi\u00e9n socava los esfuerzos para reducir la migraci\u00f3n irregular\u201d.<\/p>\n<p>\u201cCuando se detengan los flujos de dinero, la desesperaci\u00f3n impulsar\u00e1 a m\u00e1s personas a emprender el peligroso viaje a la frontera sur de Estados Unidos\u201d, afirm\u00f3.<\/p>\n<p>En la misiva, los legisladores citan al Fondo Monetario Internacional (FMI), que ha subrayado que las remesas pueden representar una parte significativa del producto interno bruto (PIB) en muchos pa\u00edses de ingresos bajos y medios, financiando peque\u00f1as empresas e infraestructura donde los gobiernos no alcanzan. Al apoyar a familias y comunidades en el extranjero, estas transferencias ayudan a estabilizar econom\u00edas fr\u00e1giles y a reducir la dependencia de la ayuda estadounidense.<\/p>\n<p>Recuerdan que pa\u00edses como Hait\u00ed, Honduras y El Salvador reciben entre 20 y 30 por ciento de su PIB en remesas.<\/p>\n<p>Interrumpir este flujo, afirman, \u201cno solo es moralmente miope, sino tambi\u00e9n fiscalmente imprudente. Solo exacerbar\u00e1 a\u00fan m\u00e1s la migraci\u00f3n irregular en el hemisferio occidental\u201d.<\/p>\n<p>Los legisladores afirman que la propuesta de gravar las remesas \u201cno solo es una mala pol\u00edtica, sino una traici\u00f3n a nuestra identidad como naci\u00f3n de inmigrantes, constructores y forjadores de puentes\u201d.<\/p>\n<p>\u201cLes instamos encarecidamente a que rechacen esta disposici\u00f3n y cualquier intento de penalizar a las familias trabajadoras y respetuosas de la ley que env\u00edan una peque\u00f1a parte de sus ingresos para apoyar a sus seres queridos en el extranjero\u201d.<\/p>\n<p>\u201cNuestras leyes deber\u00edan fortalecer a las comunidades, no destruirlas. Este impuesto contribuye a esto \u00faltimo. Defendamos firmemente la libertad econ\u00f3mica y nos opongamos a esta pol\u00edtica regresiva y discriminatoria\u201d, concluyeron los 24 legisladores dem\u00f3cratas en su petici\u00f3n al presidente de la C\u00e1mara de Representantes.<\/p>\n<p>La carta fue compartida en su perfil de X por el embajador de M\u00e9xico en Estados Unidos, Esteban Moctezuma Barrag\u00e1n, quien se reuni\u00f3 en Nueva York con Adriano Espaillant, de quien dijo, \u201ces un gran amigo de M\u00e9xico\u201d.<\/p>\n","protected":false},"excerpt":{"rendered":"<p>El gravamen de 5 por ciento que se pretende imponer al env\u00edo de remesas de trabajadores indocumentados en Estados Unidos<\/p>\n","protected":false},"author":4,"featured_media":63187,"comment_status":"closed","ping_status":"closed","sticky":false,"template":"","format":"standard","meta":{"colormag_page_container_layout":"default_layout","colormag_page_sidebar_layout":"default_layout","_jetpack_memberships_contains_paid_content":false,"footnotes":"","jetpack_publicize_message":"","jetpack_publicize_feature_enabled":true,"jetpack_social_post_already_shared":false,"jetpack_social_options":{"image_generator_settings":{"template":"highway","default_image_id":0,"font":"","enabled":false},"version":2}},"categories":[2050],"tags":[],"class_list":["post-63186","post","type-post","status-publish","format-standard","has-post-thumbnail","hentry","category-economia"],"jetpack_publicize_connections":[],"jetpack_featured_media_url":"https:\/\/i0.wp.com\/politicosaldesnudo.com.mx\/wp-content\/uploads\/2025\/05\/CAU.jpg?fit=761%2C431&ssl=1","jetpack-related-posts":[],"jetpack_sharing_enabled":true,"_links":{"self":[{"href":"https:\/\/politicosaldesnudo.com.mx\/index.php\/wp-json\/wp\/v2\/posts\/63186","targetHints":{"allow":["GET"]}}],"collection":[{"href":"https:\/\/politicosaldesnudo.com.mx\/index.php\/wp-json\/wp\/v2\/posts"}],"about":[{"href":"https:\/\/politicosaldesnudo.com.mx\/index.php\/wp-json\/wp\/v2\/types\/post"}],"author":[{"embeddable":true,"href":"https:\/\/politicosaldesnudo.com.mx\/index.php\/wp-json\/wp\/v2\/users\/4"}],"replies":[{"embeddable":true,"href":"https:\/\/politicosaldesnudo.com.mx\/index.php\/wp-json\/wp\/v2\/comments?post=63186"}],"version-history":[{"count":0,"href":"https:\/\/politicosaldesnudo.com.mx\/index.php\/wp-json\/wp\/v2\/posts\/63186\/revisions"}],"wp:featuredmedia":[{"embeddable":true,"href":"https:\/\/politicosaldesnudo.com.mx\/index.php\/wp-json\/wp\/v2\/media\/63187"}],"wp:attachment":[{"href":"https:\/\/politicosaldesnudo.com.mx\/index.php\/wp-json\/wp\/v2\/media?parent=63186"}],"wp:term":[{"taxonomy":"category","embeddable":true,"href":"https:\/\/politicosaldesnudo.com.mx\/index.php\/wp-json\/wp\/v2\/categories?post=63186"},{"taxonomy":"post_tag","embeddable":true,"href":"https:\/\/politicosaldesnudo.com.mx\/index.php\/wp-json\/wp\/v2\/tags?post=63186"}],"curies":[{"name":"wp","href":"https:\/\/api.w.org\/{rel}","templated":true}]}}