{"id":63268,"date":"2025-05-20T00:02:46","date_gmt":"2025-05-20T06:02:46","guid":{"rendered":"https:\/\/politicosaldesnudo.com.mx\/?p=63268"},"modified":"2025-05-19T19:49:27","modified_gmt":"2025-05-20T01:49:27","slug":"realizan-carrera-5k","status":"publish","type":"post","link":"https:\/\/politicosaldesnudo.com.mx\/index.php\/2025\/05\/20\/realizan-carrera-5k\/","title":{"rendered":"Realizan carrera 5K"},"content":{"rendered":"<p>El municipio del puerto fue sede de la carrera de 5 kil\u00f3metros organizada por la Fundaci\u00f3n Chato L\u00f3pez, evento que trascendi\u00f3 por la competencia deportiva, convirti\u00e9ndose en una <span id=\"_GoBack\"><\/span>aut\u00e9ntica fiesta de solidaridad que congreg\u00f3 a familias enteras, entusiastas deportistas y ciudadanos comprometidos con el bienestar de su comunidad.<\/p>\n<p>La jornada se ti\u00f1\u00f3 de energ\u00eda y camarader\u00eda, donde cada zancada represent\u00f3 no solo un avance f\u00edsico, sino tambi\u00e9n un paso firme hacia la esperanza y la unidad, donde el presidente de la Fundaci\u00f3n inform\u00f3 que el deporte es un pilar que fortalece los lazos de la comunidad una afirmaci\u00f3n que reson\u00f3 en cada uno de los participantes y espectadores presentes.<\/p>\n<p>La alegr\u00eda, el esfuerzo palpable y el compa\u00f1erismo que se respiraba en el ambiente fueron el mejor testimonio del poder unificador del deporte, las sonrisas en los rostros, la determinaci\u00f3n en cada corredor y el apoyo mutuo a lo largo del recorrido recordaron a los asistentes la valiosa capacidad de la actividad f\u00edsica para construir s\u00f3lidas redes de apoyo y fomentar un bienestar que abraza a toda la colectividad tuxpe\u00f1a.<\/p>\n<p>Este evento deportivo dej\u00f3 una huella, proyectando una visi\u00f3n de futuro para este puerto como un municipio donde el esfuerzo f\u00edsico, la alegr\u00eda compartida y el reconocimiento mutuo se entrelazan para dar forma a una sociedad m\u00e1s saludable y conectada, un municipio donde el deporte, la salud y la unidad dejen de ser aspiraciones para consolidarse como los pilares fundamentales de un porvenir vibrante y prometedor para todos\u00a0sus\u00a0habitantes.<\/p>\n","protected":false},"excerpt":{"rendered":"<p>El municipio del puerto fue sede de la carrera de 5 kil\u00f3metros organizada por la Fundaci\u00f3n Chato L\u00f3pez, evento que<\/p>\n","protected":false},"author":4,"featured_media":63269,"comment_status":"closed","ping_status":"closed","sticky":false,"template":"","format":"standard","meta":{"colormag_page_container_layout":"default_layout","colormag_page_sidebar_layout":"default_layout","_jetpack_memberships_contains_paid_content":false,"footnotes":"","jetpack_publicize_message":"","jetpack_publicize_feature_enabled":true,"jetpack_social_post_already_shared":false,"jetpack_social_options":{"image_generator_settings":{"template":"highway","default_image_id":0,"font":"","enabled":false},"version":2}},"categories":[1082],"tags":[],"class_list":["post-63268","post","type-post","status-publish","format-standard","has-post-thumbnail","hentry","category-tuxpan"],"jetpack_publicize_connections":[],"jetpack_featured_media_url":"https:\/\/i0.wp.com\/politicosaldesnudo.com.mx\/wp-content\/uploads\/2025\/05\/3b-6.jpg?fit=1287%2C720&ssl=1","jetpack-related-posts":[],"jetpack_sharing_enabled":true,"_links":{"self":[{"href":"https:\/\/politicosaldesnudo.com.mx\/index.php\/wp-json\/wp\/v2\/posts\/63268","targetHints":{"allow":["GET"]}}],"collection":[{"href":"https:\/\/politicosaldesnudo.com.mx\/index.php\/wp-json\/wp\/v2\/posts"}],"about":[{"href":"https:\/\/politicosaldesnudo.com.mx\/index.php\/wp-json\/wp\/v2\/types\/post"}],"author":[{"embeddable":true,"href":"https:\/\/politicosaldesnudo.com.mx\/index.php\/wp-json\/wp\/v2\/users\/4"}],"replies":[{"embeddable":true,"href":"https:\/\/politicosaldesnudo.com.mx\/index.php\/wp-json\/wp\/v2\/comments?post=63268"}],"version-history":[{"count":0,"href":"https:\/\/politicosaldesnudo.com.mx\/index.php\/wp-json\/wp\/v2\/posts\/63268\/revisions"}],"wp:featuredmedia":[{"embeddable":true,"href":"https:\/\/politicosaldesnudo.com.mx\/index.php\/wp-json\/wp\/v2\/media\/63269"}],"wp:attachment":[{"href":"https:\/\/politicosaldesnudo.com.mx\/index.php\/wp-json\/wp\/v2\/media?parent=63268"}],"wp:term":[{"taxonomy":"category","embeddable":true,"href":"https:\/\/politicosaldesnudo.com.mx\/index.php\/wp-json\/wp\/v2\/categories?post=63268"},{"taxonomy":"post_tag","embeddable":true,"href":"https:\/\/politicosaldesnudo.com.mx\/index.php\/wp-json\/wp\/v2\/tags?post=63268"}],"curies":[{"name":"wp","href":"https:\/\/api.w.org\/{rel}","templated":true}]}}