{"id":63271,"date":"2025-05-20T00:03:36","date_gmt":"2025-05-20T06:03:36","guid":{"rendered":"https:\/\/politicosaldesnudo.com.mx\/?p=63271"},"modified":"2025-05-19T19:50:16","modified_gmt":"2025-05-20T01:50:16","slug":"ministra-lenia-batres-visito-tuxpan","status":"publish","type":"post","link":"https:\/\/politicosaldesnudo.com.mx\/index.php\/2025\/05\/20\/ministra-lenia-batres-visito-tuxpan\/","title":{"rendered":"Ministra Lenia Batres visit\u00f3 Tuxpan"},"content":{"rendered":"<p>En el marco de su gira por el norte del estado, la ministra de la Suprema Corte de Justicia de la Naci\u00f3n (SCJN), Lenia Batres Guadarrama, visit\u00f3 la ciudad de Tuxpan, donde encabez\u00f3 una asamblea ciudadana en la explanada municipal, con el objetivo de dialogar sobre la trascendencia de la pr\u00f3xima jornada electoral del 1 de junio y la esperada reforma al Poder Judicial de la Federaci\u00f3n.<\/p>\n<p>Durante su mensaje, la llamada Ministra subray\u00f3 que las elecciones marcar\u00e1n un antes y un despu\u00e9s en la historia del Poder Judicial, al abrir la posibilidad de democratizar un \u00f3rgano que, hasta ahora, no hab\u00eda sido electo por voto popular.<\/p>\n<p>\u201cNos depara un Poder Judicial comprometido con la gente\u201d, expres\u00f3 Batres ante decenas de tuxpe\u00f1os reunidos para escuchar sus planteamientos. \u201cPor primera vez, los jueces le deber\u00e1n su cargo al pueblo mexicano. Es hora de que sirvan al pueblo y se comprometan con los derechos de la gente\u201d, agreg\u00f3.<\/p>\n<p>La ministra destac\u00f3 que el actual momento pol\u00edtico representa una oportunidad hist\u00f3rica para transformar a fondo la estructura judicial del pa\u00eds, y confi\u00f3 en que la participaci\u00f3n ciudadana ser\u00e1 clave para lograrlo.<\/p>\n<p>Antes de llegar a Tuxpan, Batres sostuvo un encuentro similar con vecinos de Poza Rica, donde tambi\u00e9n habl\u00f3 sobre la necesidad de un nuevo paradigma para el Poder Judicial: uno m\u00e1s cercano a la ciudadan\u00eda y alejado de privilegios.<\/p>\n<p>Finalmente, exhort\u00f3 a los tuxpe\u00f1os a ejercer su voto de manera consciente y activa este 1 de junio, convencida de que el pueblo no desaprovechar\u00e1 la oportunidad de iniciar una nueva etapa en la justicia\u00a0mexicana.<\/p>\n","protected":false},"excerpt":{"rendered":"<p>En el marco de su gira por el norte del estado, la ministra de la Suprema Corte de Justicia de<\/p>\n","protected":false},"author":4,"featured_media":63272,"comment_status":"closed","ping_status":"closed","sticky":false,"template":"","format":"standard","meta":{"colormag_page_container_layout":"default_layout","colormag_page_sidebar_layout":"default_layout","_jetpack_memberships_contains_paid_content":false,"footnotes":"","jetpack_publicize_message":"","jetpack_publicize_feature_enabled":true,"jetpack_social_post_already_shared":false,"jetpack_social_options":{"image_generator_settings":{"template":"highway","default_image_id":0,"font":"","enabled":false},"version":2}},"categories":[1082],"tags":[],"class_list":["post-63271","post","type-post","status-publish","format-standard","has-post-thumbnail","hentry","category-tuxpan"],"jetpack_publicize_connections":[],"jetpack_featured_media_url":"https:\/\/i0.wp.com\/politicosaldesnudo.com.mx\/wp-content\/uploads\/2025\/05\/3c-6.jpg?fit=1599%2C899&ssl=1","jetpack-related-posts":[],"jetpack_sharing_enabled":true,"_links":{"self":[{"href":"https:\/\/politicosaldesnudo.com.mx\/index.php\/wp-json\/wp\/v2\/posts\/63271","targetHints":{"allow":["GET"]}}],"collection":[{"href":"https:\/\/politicosaldesnudo.com.mx\/index.php\/wp-json\/wp\/v2\/posts"}],"about":[{"href":"https:\/\/politicosaldesnudo.com.mx\/index.php\/wp-json\/wp\/v2\/types\/post"}],"author":[{"embeddable":true,"href":"https:\/\/politicosaldesnudo.com.mx\/index.php\/wp-json\/wp\/v2\/users\/4"}],"replies":[{"embeddable":true,"href":"https:\/\/politicosaldesnudo.com.mx\/index.php\/wp-json\/wp\/v2\/comments?post=63271"}],"version-history":[{"count":0,"href":"https:\/\/politicosaldesnudo.com.mx\/index.php\/wp-json\/wp\/v2\/posts\/63271\/revisions"}],"wp:featuredmedia":[{"embeddable":true,"href":"https:\/\/politicosaldesnudo.com.mx\/index.php\/wp-json\/wp\/v2\/media\/63272"}],"wp:attachment":[{"href":"https:\/\/politicosaldesnudo.com.mx\/index.php\/wp-json\/wp\/v2\/media?parent=63271"}],"wp:term":[{"taxonomy":"category","embeddable":true,"href":"https:\/\/politicosaldesnudo.com.mx\/index.php\/wp-json\/wp\/v2\/categories?post=63271"},{"taxonomy":"post_tag","embeddable":true,"href":"https:\/\/politicosaldesnudo.com.mx\/index.php\/wp-json\/wp\/v2\/tags?post=63271"}],"curies":[{"name":"wp","href":"https:\/\/api.w.org\/{rel}","templated":true}]}}