{"id":63274,"date":"2025-05-20T00:04:50","date_gmt":"2025-05-20T06:04:50","guid":{"rendered":"https:\/\/politicosaldesnudo.com.mx\/?p=63274"},"modified":"2025-05-19T19:51:25","modified_gmt":"2025-05-20T01:51:25","slug":"tuxpan-sera-punto-estrategico-en-desarrollo-energetico","status":"publish","type":"post","link":"https:\/\/politicosaldesnudo.com.mx\/index.php\/2025\/05\/20\/tuxpan-sera-punto-estrategico-en-desarrollo-energetico\/","title":{"rendered":"Tuxpan ser\u00e1 punto estrat\u00e9gico en desarrollo energ\u00e9tico"},"content":{"rendered":"<p>La Comisi\u00f3n Federal de Electricidad (CFE) avanza con paso firme en su Plan de Fortalecimiento y Expansi\u00f3n del Sistema El\u00e9ctrico Nacional 2025-2030 (PFESEN), el cual contempla una inversi\u00f3n hist\u00f3rica de 22,377 millones de d\u00f3lares para la construcci\u00f3n de 51 obras de infraestructura energ\u00e9tica en todo el pa\u00eds. Entre estas se encuentra la Central de Ciclo Combinado Tuxpan I, de la que inform\u00f3 que comenzar\u00e1 operaciones en el transcurso de este a\u00f1o.<\/p>\n<p>Este proyecto forma parte de una estrategia nacional que busca incrementar en m\u00e1s de 22 mil megawatts la capacidad del sistema el\u00e9ctrico, mediante la construcci\u00f3n de siete parques e\u00f3licos, nueve plantas solares y cinco centrales de ciclo combinado que operar\u00e1n con gas natural.<\/p>\n<p>La CFE ha confirmado que, adem\u00e1s de Tuxpan I, en 2025 entrar\u00e1n en operaci\u00f3n las centrales San Luis Potos\u00ed, El Sauz II (Quer\u00e9taro), M\u00e9rida (Yucat\u00e1n), y Manzanillo III (Colima). Estas acciones representan un avance sustancial en el objetivo de garantizar el suministro de energ\u00eda confiable y suficiente en todo el pa\u00eds, incluyendo el norte de Veracruz.<\/p>\n<p>Tuxpan se convierte as\u00ed en un punto estrat\u00e9gico dentro del desarrollo energ\u00e9tico nacional, gracias a su infraestructura y ubicaci\u00f3n geogr\u00e1fica que facilitan el acceso al gas natural y su conexi\u00f3n con otros polos de generaci\u00f3n y consumo\u00a0el\u00e9ctrico.<\/p>\n","protected":false},"excerpt":{"rendered":"<p>La Comisi\u00f3n Federal de Electricidad (CFE) avanza con paso firme en su Plan de Fortalecimiento y Expansi\u00f3n del Sistema El\u00e9ctrico<\/p>\n","protected":false},"author":4,"featured_media":63275,"comment_status":"closed","ping_status":"closed","sticky":false,"template":"","format":"standard","meta":{"colormag_page_container_layout":"default_layout","colormag_page_sidebar_layout":"default_layout","_jetpack_memberships_contains_paid_content":false,"footnotes":"","jetpack_publicize_message":"","jetpack_publicize_feature_enabled":true,"jetpack_social_post_already_shared":false,"jetpack_social_options":{"image_generator_settings":{"template":"highway","default_image_id":0,"font":"","enabled":false},"version":2}},"categories":[1082],"tags":[],"class_list":["post-63274","post","type-post","status-publish","format-standard","has-post-thumbnail","hentry","category-tuxpan"],"jetpack_publicize_connections":[],"jetpack_featured_media_url":"https:\/\/i0.wp.com\/politicosaldesnudo.com.mx\/wp-content\/uploads\/2025\/05\/4c-5.jpg?fit=599%2C352&ssl=1","jetpack-related-posts":[],"jetpack_sharing_enabled":true,"_links":{"self":[{"href":"https:\/\/politicosaldesnudo.com.mx\/index.php\/wp-json\/wp\/v2\/posts\/63274","targetHints":{"allow":["GET"]}}],"collection":[{"href":"https:\/\/politicosaldesnudo.com.mx\/index.php\/wp-json\/wp\/v2\/posts"}],"about":[{"href":"https:\/\/politicosaldesnudo.com.mx\/index.php\/wp-json\/wp\/v2\/types\/post"}],"author":[{"embeddable":true,"href":"https:\/\/politicosaldesnudo.com.mx\/index.php\/wp-json\/wp\/v2\/users\/4"}],"replies":[{"embeddable":true,"href":"https:\/\/politicosaldesnudo.com.mx\/index.php\/wp-json\/wp\/v2\/comments?post=63274"}],"version-history":[{"count":0,"href":"https:\/\/politicosaldesnudo.com.mx\/index.php\/wp-json\/wp\/v2\/posts\/63274\/revisions"}],"wp:featuredmedia":[{"embeddable":true,"href":"https:\/\/politicosaldesnudo.com.mx\/index.php\/wp-json\/wp\/v2\/media\/63275"}],"wp:attachment":[{"href":"https:\/\/politicosaldesnudo.com.mx\/index.php\/wp-json\/wp\/v2\/media?parent=63274"}],"wp:term":[{"taxonomy":"category","embeddable":true,"href":"https:\/\/politicosaldesnudo.com.mx\/index.php\/wp-json\/wp\/v2\/categories?post=63274"},{"taxonomy":"post_tag","embeddable":true,"href":"https:\/\/politicosaldesnudo.com.mx\/index.php\/wp-json\/wp\/v2\/tags?post=63274"}],"curies":[{"name":"wp","href":"https:\/\/api.w.org\/{rel}","templated":true}]}}