{"id":63335,"date":"2025-05-21T00:01:02","date_gmt":"2025-05-21T06:01:02","guid":{"rendered":"https:\/\/politicosaldesnudo.com.mx\/?p=63335"},"modified":"2025-05-20T20:54:53","modified_gmt":"2025-05-21T02:54:53","slug":"crece-interes-por-platicas-de-vialidad","status":"publish","type":"post","link":"https:\/\/politicosaldesnudo.com.mx\/index.php\/2025\/05\/21\/crece-interes-por-platicas-de-vialidad\/","title":{"rendered":"Crece inter\u00e9s por pl\u00e1ticas de vialidad"},"content":{"rendered":"<p>Cerca de concluir el ciclo escolar, las autoridades de Tr\u00e1nsito y Vialidad Municipal han recibido diversas solicitudes para llevar a diversos planteles las pl\u00e1ticas y talleres sobre educaci\u00f3n vial.<\/p>\n<p>La oficial Lilly P\u00e9rez, una de las encargadas de estas actividades se\u00f1al\u00f3 que es satisfactorio ver como docentes, padres de familia y poblaci\u00f3n estudiantil de los distintos niveles cada vez m\u00e1s se interesas por recibir este tipo de charlas y capacitaciones.<\/p>\n<p>Dentro de los temas que m\u00e1s se abordan se encuentra el de los se\u00f1alamientos, reglamentos para conductores y peatones, entre algunos otros.<\/p>\n<p>Dijo \u00abNo s\u00e9 si han observado que ha disminuido la cantidad de gente que camina sobre la v\u00eda p\u00fablica, y esto es porque les hemos explicado que si llegan a tener alg\u00fan percance el reglamento no est\u00e1 a su favor si son ellos los que no respetan el hecho de que las banquetas son para el uso peatonal\u00bb, asegur\u00f3 la oficial.<\/p>\n<p>Dijo que se atender\u00e1n las solicitudes que se tienen hasta el momento, y las que ya no alcancen a ser cubiertas en este ciclo, se tendr\u00e1n consideradas para el siguiente, ya que la instrucci\u00f3n del director y del alcalde es llevar tales actividades a donde se requieran.<\/p>\n<p>Agreg\u00f3 que tambi\u00e9n algunos ciudadanos que est\u00e1n tramitando su licencia permanente, han acudido para conocer los reglamentos, ya que se les est\u00e1 aplicando una especie de examen, en donde deben conocer ese tipo de cosas, y han pedido el apoyo al personal de Tr\u00e1nsito\u00a0Municipal.<\/p>\n","protected":false},"excerpt":{"rendered":"<p>Cerca de concluir el ciclo escolar, las autoridades de Tr\u00e1nsito y Vialidad Municipal han recibido diversas solicitudes para llevar a<\/p>\n","protected":false},"author":4,"featured_media":63336,"comment_status":"closed","ping_status":"closed","sticky":false,"template":"","format":"standard","meta":{"colormag_page_container_layout":"default_layout","colormag_page_sidebar_layout":"default_layout","_jetpack_memberships_contains_paid_content":false,"footnotes":"","jetpack_publicize_message":"","jetpack_publicize_feature_enabled":true,"jetpack_social_post_already_shared":false,"jetpack_social_options":{"image_generator_settings":{"template":"highway","default_image_id":0,"font":"","enabled":false},"version":2}},"categories":[1082],"tags":[],"class_list":["post-63335","post","type-post","status-publish","format-standard","has-post-thumbnail","hentry","category-tuxpan"],"jetpack_publicize_connections":[],"jetpack_featured_media_url":"https:\/\/i0.wp.com\/politicosaldesnudo.com.mx\/wp-content\/uploads\/2025\/05\/4a-3.jpg?fit=1280%2C960&ssl=1","jetpack-related-posts":[],"jetpack_sharing_enabled":true,"_links":{"self":[{"href":"https:\/\/politicosaldesnudo.com.mx\/index.php\/wp-json\/wp\/v2\/posts\/63335","targetHints":{"allow":["GET"]}}],"collection":[{"href":"https:\/\/politicosaldesnudo.com.mx\/index.php\/wp-json\/wp\/v2\/posts"}],"about":[{"href":"https:\/\/politicosaldesnudo.com.mx\/index.php\/wp-json\/wp\/v2\/types\/post"}],"author":[{"embeddable":true,"href":"https:\/\/politicosaldesnudo.com.mx\/index.php\/wp-json\/wp\/v2\/users\/4"}],"replies":[{"embeddable":true,"href":"https:\/\/politicosaldesnudo.com.mx\/index.php\/wp-json\/wp\/v2\/comments?post=63335"}],"version-history":[{"count":0,"href":"https:\/\/politicosaldesnudo.com.mx\/index.php\/wp-json\/wp\/v2\/posts\/63335\/revisions"}],"wp:featuredmedia":[{"embeddable":true,"href":"https:\/\/politicosaldesnudo.com.mx\/index.php\/wp-json\/wp\/v2\/media\/63336"}],"wp:attachment":[{"href":"https:\/\/politicosaldesnudo.com.mx\/index.php\/wp-json\/wp\/v2\/media?parent=63335"}],"wp:term":[{"taxonomy":"category","embeddable":true,"href":"https:\/\/politicosaldesnudo.com.mx\/index.php\/wp-json\/wp\/v2\/categories?post=63335"},{"taxonomy":"post_tag","embeddable":true,"href":"https:\/\/politicosaldesnudo.com.mx\/index.php\/wp-json\/wp\/v2\/tags?post=63335"}],"curies":[{"name":"wp","href":"https:\/\/api.w.org\/{rel}","templated":true}]}}