{"id":63368,"date":"2025-05-21T00:12:11","date_gmt":"2025-05-21T06:12:11","guid":{"rendered":"https:\/\/politicosaldesnudo.com.mx\/?p=63368"},"modified":"2025-05-20T22:11:19","modified_gmt":"2025-05-21T04:11:19","slug":"se-ubica-el-peso-mexicano-en-su-mejor-nivel-en-8-meses","status":"publish","type":"post","link":"https:\/\/politicosaldesnudo.com.mx\/index.php\/2025\/05\/21\/se-ubica-el-peso-mexicano-en-su-mejor-nivel-en-8-meses\/","title":{"rendered":"Se ubica el peso mexicano en su mejor nivel en 8 meses"},"content":{"rendered":"<p>El peso mexicano se apreci\u00f3 este martes por tercera jornada consecutiva y se ubic\u00f3 en el mejor nivel desde septiembre del a\u00f1o pasado, en medio de un declive generalizado del d\u00f3lar.<\/p>\n<p>En operaciones al mayoreo, el tipo de cambio concluy\u00f3 en 19.27 pesos por d\u00f3lar, de acuerdo con el precio de cierre reportado por el Banco de M\u00e9xico. En las \u00faltimas tres sesiones la moneda mexicana acumula una apreciaci\u00f3n de 22 centavos (1.16 por ciento).<\/p>\n<p>Con ello, se coloc\u00f3 en su mejor cotizaci\u00f3n desde el 13 de septiembre del a\u00f1o pasado, cuando cerr\u00f3 en 19.21 unidades por d\u00f3lar.<\/p>\n<p>El avance de este martes de la moneda mexicana se dio en un contexto de retroceso del d\u00f3lar en los mercados globales, que sigui\u00f3 registrando los efectos de una baja de la calificaci\u00f3n crediticia de Estados Unidos por parte de la agencia Moody\u2019s, que el viernes le quit\u00f3 la preciada nota de AAA \u2013la mayor posible\u2013 debido a los niveles de deuda de la mayor econom\u00eda mundial.<\/p>\n<p>La divisa estadounidense cedi\u00f3 alrededor de 0.4 por ciento frente a una canasta de seis grandes monedas que integran el \u00edndice d\u00f3lar, tras una semana a la baja, lastrada por la cautela de la Reserva Federal sobre la econom\u00eda.<\/p>\n<p>El presidente de la Reserva Federal de Atlanta, Raphael Bostic, dijo este martes que las empresas estadounidenses podr\u00edan haberse quedado sin estrategias para postergar los cambios de precios o de empleo en respuesta al aumento de los impuestos a la importaci\u00f3n, y que la econom\u00eda podr\u00eda estar al borde de una ola de alzas de precios.<\/p>\n<p>A nivel local, la mirada est\u00e1 puesta en la publicaci\u00f3n el jueves de cifras revisadas del producto interno bruto (PIB) y los precios al consumidor, una semana despu\u00e9s de que Banco de M\u00e9xico recortara su tasa clave en medio punto porcentual y advirtiera que hacia adelante podr\u00eda considerar m\u00e1s ajustes de magnitud similar.<\/p>\n","protected":false},"excerpt":{"rendered":"<p>El peso mexicano se apreci\u00f3 este martes por tercera jornada consecutiva y se ubic\u00f3 en el mejor nivel desde septiembre<\/p>\n","protected":false},"author":4,"featured_media":63369,"comment_status":"closed","ping_status":"closed","sticky":false,"template":"","format":"standard","meta":{"colormag_page_container_layout":"default_layout","colormag_page_sidebar_layout":"default_layout","_jetpack_memberships_contains_paid_content":false,"footnotes":"","jetpack_publicize_message":"","jetpack_publicize_feature_enabled":true,"jetpack_social_post_already_shared":false,"jetpack_social_options":{"image_generator_settings":{"template":"highway","default_image_id":0,"font":"","enabled":false},"version":2}},"categories":[2050],"tags":[],"class_list":["post-63368","post","type-post","status-publish","format-standard","has-post-thumbnail","hentry","category-economia"],"jetpack_publicize_connections":[],"jetpack_featured_media_url":"https:\/\/i0.wp.com\/politicosaldesnudo.com.mx\/wp-content\/uploads\/2025\/05\/peso-1.jpg?fit=1200%2C720&ssl=1","jetpack-related-posts":[],"jetpack_sharing_enabled":true,"_links":{"self":[{"href":"https:\/\/politicosaldesnudo.com.mx\/index.php\/wp-json\/wp\/v2\/posts\/63368","targetHints":{"allow":["GET"]}}],"collection":[{"href":"https:\/\/politicosaldesnudo.com.mx\/index.php\/wp-json\/wp\/v2\/posts"}],"about":[{"href":"https:\/\/politicosaldesnudo.com.mx\/index.php\/wp-json\/wp\/v2\/types\/post"}],"author":[{"embeddable":true,"href":"https:\/\/politicosaldesnudo.com.mx\/index.php\/wp-json\/wp\/v2\/users\/4"}],"replies":[{"embeddable":true,"href":"https:\/\/politicosaldesnudo.com.mx\/index.php\/wp-json\/wp\/v2\/comments?post=63368"}],"version-history":[{"count":0,"href":"https:\/\/politicosaldesnudo.com.mx\/index.php\/wp-json\/wp\/v2\/posts\/63368\/revisions"}],"wp:featuredmedia":[{"embeddable":true,"href":"https:\/\/politicosaldesnudo.com.mx\/index.php\/wp-json\/wp\/v2\/media\/63369"}],"wp:attachment":[{"href":"https:\/\/politicosaldesnudo.com.mx\/index.php\/wp-json\/wp\/v2\/media?parent=63368"}],"wp:term":[{"taxonomy":"category","embeddable":true,"href":"https:\/\/politicosaldesnudo.com.mx\/index.php\/wp-json\/wp\/v2\/categories?post=63368"},{"taxonomy":"post_tag","embeddable":true,"href":"https:\/\/politicosaldesnudo.com.mx\/index.php\/wp-json\/wp\/v2\/tags?post=63368"}],"curies":[{"name":"wp","href":"https:\/\/api.w.org\/{rel}","templated":true}]}}