{"id":63392,"date":"2025-05-21T00:20:46","date_gmt":"2025-05-21T06:20:46","guid":{"rendered":"https:\/\/politicosaldesnudo.com.mx\/?p=63392"},"modified":"2025-05-20T23:07:54","modified_gmt":"2025-05-21T05:07:54","slug":"revisara-la-ue-acuerdo-de-asociacion-con-israel-por-situacion-humanitaria-en-gaza","status":"publish","type":"post","link":"https:\/\/politicosaldesnudo.com.mx\/index.php\/2025\/05\/21\/revisara-la-ue-acuerdo-de-asociacion-con-israel-por-situacion-humanitaria-en-gaza\/","title":{"rendered":"Revisar\u00e1 la UE acuerdo de asociaci\u00f3n con Israel por situaci\u00f3n humanitaria en Gaza"},"content":{"rendered":"<p>La Uni\u00f3n Europea (UE) revisar\u00e1 su acuerdo de asociaci\u00f3n con Israel a ra\u00edz de la situaci\u00f3n humanitaria en la Franja de Gaza, anunci\u00f3 este martes la jefa de la diplomacia del bloque, Kaja Kallas.<\/p>\n<p>\u00abLanzaremos este ejercicio y, mientras tanto, depende de Israel el desbloqueo de la ayuda humanitaria. Salvar vidas debe ser nuestra m\u00e1xima prioridad\u00bb, dijo Kallas al fin de una reuni\u00f3n de ministros de Relaciones Exteriores de la UE en Bruselas.<\/p>\n","protected":false},"excerpt":{"rendered":"<p>La Uni\u00f3n Europea (UE) revisar\u00e1 su acuerdo de asociaci\u00f3n con Israel a ra\u00edz de la situaci\u00f3n humanitaria en la Franja<\/p>\n","protected":false},"author":4,"featured_media":63393,"comment_status":"closed","ping_status":"closed","sticky":false,"template":"","format":"standard","meta":{"colormag_page_container_layout":"default_layout","colormag_page_sidebar_layout":"default_layout","_jetpack_memberships_contains_paid_content":false,"footnotes":"","jetpack_publicize_message":"","jetpack_publicize_feature_enabled":true,"jetpack_social_post_already_shared":false,"jetpack_social_options":{"image_generator_settings":{"template":"highway","default_image_id":0,"font":"","enabled":false},"version":2}},"categories":[28],"tags":[],"class_list":["post-63392","post","type-post","status-publish","format-standard","has-post-thumbnail","hentry","category-internacional"],"jetpack_publicize_connections":[],"jetpack_featured_media_url":"https:\/\/i0.wp.com\/politicosaldesnudo.com.mx\/wp-content\/uploads\/2025\/05\/UE-1.jpg?fit=728%2C438&ssl=1","jetpack-related-posts":[],"jetpack_sharing_enabled":true,"_links":{"self":[{"href":"https:\/\/politicosaldesnudo.com.mx\/index.php\/wp-json\/wp\/v2\/posts\/63392","targetHints":{"allow":["GET"]}}],"collection":[{"href":"https:\/\/politicosaldesnudo.com.mx\/index.php\/wp-json\/wp\/v2\/posts"}],"about":[{"href":"https:\/\/politicosaldesnudo.com.mx\/index.php\/wp-json\/wp\/v2\/types\/post"}],"author":[{"embeddable":true,"href":"https:\/\/politicosaldesnudo.com.mx\/index.php\/wp-json\/wp\/v2\/users\/4"}],"replies":[{"embeddable":true,"href":"https:\/\/politicosaldesnudo.com.mx\/index.php\/wp-json\/wp\/v2\/comments?post=63392"}],"version-history":[{"count":0,"href":"https:\/\/politicosaldesnudo.com.mx\/index.php\/wp-json\/wp\/v2\/posts\/63392\/revisions"}],"wp:featuredmedia":[{"embeddable":true,"href":"https:\/\/politicosaldesnudo.com.mx\/index.php\/wp-json\/wp\/v2\/media\/63393"}],"wp:attachment":[{"href":"https:\/\/politicosaldesnudo.com.mx\/index.php\/wp-json\/wp\/v2\/media?parent=63392"}],"wp:term":[{"taxonomy":"category","embeddable":true,"href":"https:\/\/politicosaldesnudo.com.mx\/index.php\/wp-json\/wp\/v2\/categories?post=63392"},{"taxonomy":"post_tag","embeddable":true,"href":"https:\/\/politicosaldesnudo.com.mx\/index.php\/wp-json\/wp\/v2\/tags?post=63392"}],"curies":[{"name":"wp","href":"https:\/\/api.w.org\/{rel}","templated":true}]}}