{"id":63482,"date":"2025-05-23T00:01:28","date_gmt":"2025-05-23T06:01:28","guid":{"rendered":"https:\/\/politicosaldesnudo.com.mx\/?p=63482"},"modified":"2025-05-22T21:33:13","modified_gmt":"2025-05-23T03:33:13","slug":"reportan-credenciales-sin-recoger","status":"publish","type":"post","link":"https:\/\/politicosaldesnudo.com.mx\/index.php\/2025\/05\/23\/reportan-credenciales-sin-recoger\/","title":{"rendered":"Reportan credenciales sin recoger"},"content":{"rendered":"<p>Juan Arturo Crist\u00f3bal, encargado del m\u00f3dulo del Instituto Nacional Electoral (INE) en esta ciudad, hizo un llamado urgente a la ciudadan\u00eda para acudir a recoger sus<span id=\"_GoBack\"><\/span> credenciales de elector. Se\u00f1al\u00f3 que actualmente hay entre 75 y 80 credenciales de reimpresi\u00f3n disponibles, listas para ser entregadas a quienes realizaron el tr\u00e1mite correspondiente.<\/p>\n<p>Crist\u00f3bal record\u00f3 que el plazo l\u00edmite para recoger estas credenciales es el pr\u00f3ximo 30 de mayo. Pasada esta fecha, todos los pl\u00e1sticos que no hayan sido recogidos ser\u00e1n resguardados y solo podr\u00e1n liberarse hasta despu\u00e9s del proceso electoral, a partir del 2 de junio.<\/p>\n<p>\u00abEs importante que las personas acudan lo m\u00e1s pronto posible. La intenci\u00f3n es que puedan contar con su credencial vigente y as\u00ed ejercer su derecho al voto este 1 de junio\u201d, expres\u00f3.<\/p>\n<p>Adem\u00e1s, mencion\u00f3 que el m\u00f3dulo de atenci\u00f3n est\u00e1 abierto de 8:00 a.m. a 3:00 p.m., por lo que a\u00fan hay tiempo suficiente para que los ciudadanos se presenten con una identificaci\u00f3n para recoger su credencial.<\/p>\n<p>Finalmente, invit\u00f3 a la poblaci\u00f3n a ubicar su casilla a trav\u00e9s de la p\u00e1gina oficial del INE (https:\/\/ubicatucasilla.ine.mx\/) o mediante los carteles informativos colocados en el exterior del m\u00f3dulo local, para que puedan votar sin\u00a0contratiempos.<\/p>\n","protected":false},"excerpt":{"rendered":"<p>Juan Arturo Crist\u00f3bal, encargado del m\u00f3dulo del Instituto Nacional Electoral (INE) en esta ciudad, hizo un llamado urgente a la<\/p>\n","protected":false},"author":4,"featured_media":63483,"comment_status":"closed","ping_status":"closed","sticky":false,"template":"","format":"standard","meta":{"colormag_page_container_layout":"default_layout","colormag_page_sidebar_layout":"default_layout","_jetpack_memberships_contains_paid_content":false,"footnotes":"","jetpack_publicize_message":"","jetpack_publicize_feature_enabled":true,"jetpack_social_post_already_shared":false,"jetpack_social_options":{"image_generator_settings":{"template":"highway","default_image_id":0,"font":"","enabled":false},"version":2}},"categories":[1082],"tags":[],"class_list":["post-63482","post","type-post","status-publish","format-standard","has-post-thumbnail","hentry","category-tuxpan"],"jetpack_publicize_connections":[],"jetpack_featured_media_url":"https:\/\/i0.wp.com\/politicosaldesnudo.com.mx\/wp-content\/uploads\/2025\/05\/3a-4.jpg?fit=1600%2C1200&ssl=1","jetpack-related-posts":[],"jetpack_sharing_enabled":true,"_links":{"self":[{"href":"https:\/\/politicosaldesnudo.com.mx\/index.php\/wp-json\/wp\/v2\/posts\/63482","targetHints":{"allow":["GET"]}}],"collection":[{"href":"https:\/\/politicosaldesnudo.com.mx\/index.php\/wp-json\/wp\/v2\/posts"}],"about":[{"href":"https:\/\/politicosaldesnudo.com.mx\/index.php\/wp-json\/wp\/v2\/types\/post"}],"author":[{"embeddable":true,"href":"https:\/\/politicosaldesnudo.com.mx\/index.php\/wp-json\/wp\/v2\/users\/4"}],"replies":[{"embeddable":true,"href":"https:\/\/politicosaldesnudo.com.mx\/index.php\/wp-json\/wp\/v2\/comments?post=63482"}],"version-history":[{"count":0,"href":"https:\/\/politicosaldesnudo.com.mx\/index.php\/wp-json\/wp\/v2\/posts\/63482\/revisions"}],"wp:featuredmedia":[{"embeddable":true,"href":"https:\/\/politicosaldesnudo.com.mx\/index.php\/wp-json\/wp\/v2\/media\/63483"}],"wp:attachment":[{"href":"https:\/\/politicosaldesnudo.com.mx\/index.php\/wp-json\/wp\/v2\/media?parent=63482"}],"wp:term":[{"taxonomy":"category","embeddable":true,"href":"https:\/\/politicosaldesnudo.com.mx\/index.php\/wp-json\/wp\/v2\/categories?post=63482"},{"taxonomy":"post_tag","embeddable":true,"href":"https:\/\/politicosaldesnudo.com.mx\/index.php\/wp-json\/wp\/v2\/tags?post=63482"}],"curies":[{"name":"wp","href":"https:\/\/api.w.org\/{rel}","templated":true}]}}