{"id":63485,"date":"2025-05-23T00:02:31","date_gmt":"2025-05-23T06:02:31","guid":{"rendered":"https:\/\/politicosaldesnudo.com.mx\/?p=63485"},"modified":"2025-05-22T21:34:13","modified_gmt":"2025-05-23T03:34:13","slug":"buscan-garantizar-la-imparcialidad-y-etica","status":"publish","type":"post","link":"https:\/\/politicosaldesnudo.com.mx\/index.php\/2025\/05\/23\/buscan-garantizar-la-imparcialidad-y-etica\/","title":{"rendered":"Buscan garantizar la imparcialidad y \u00e9tica"},"content":{"rendered":"<p>En una medida significativa para fortalecer la transparencia, se ha anunciado la creaci\u00f3n de un nuevo tribunal de disciplina en el estado, cuya funci\u00f3n principal ser\u00e1 supervisar y vigilar las acciones del Poder Judicial estatal.<\/p>\n<p>Este nuevo organismo surge con el objetivo de garantizar la imparcialidad y la \u00e9tica dentro de la administraci\u00f3n de justicia, estableciendo un mecanismo independiente para investigar y sancionar cualquier conducta inapropiada por parte de jueces, magistrados y dem\u00e1s funcionarios judiciales, inform\u00f3 la abogada Concepci\u00f3n Trujillo Miranda, candidata a la Magistrada del Tribunal de Disciplina del Estado de Veracruz.<\/p>\n<p>La entrevistada se\u00f1al\u00f3 que este tribunal combatir\u00e1 temas de corrupci\u00f3n, vigilar\u00e1n que haya rapidez en los juicios que se tengan programados, sancionar a las personas jugadoras, cuando haya denuncias de la poblaci\u00f3n y se compruebe la mala actuaci\u00f3n del funcionario p\u00fablico.<\/p>\n<p>Adem\u00e1s, gestionar\u00e1n capacitaci\u00f3n para sensibilizar a la<span id=\"_GoBack\"><\/span>s y los servidores p\u00fablicos en materia judicial, tambi\u00e9n ser imparciales en la toma de decisiones, por lo que se espera que su establecimiento contribuya a restaurar la confianza p\u00fablica en el sistema judicial y a asegurar que la ley sea aplicada de manera justa y equitativa para todos los ciudadanos.<\/p>\n<p>La creaci\u00f3n de esta entidad, responde a una creciente demanda de mayor supervisi\u00f3n y control sobre las instituciones que imparten justicia, buscando prevenir abusos de poder y asegurar que el Poder Judicial rinda cuentas ante la sociedad.<\/p>\n<p>Finalmente coment\u00f3, que a pesar de las limitantes que han tenido en todo este proceso, espera que la poblaci\u00f3n participe en este proceso, para que se d\u00e9 certeza del actuar de los funcionarios del Poder Judicial, en donde suma su candidatura con la boleta color lila\u00a0y\u00a0el\u00a0n\u00famero\u00a014.<\/p>\n","protected":false},"excerpt":{"rendered":"<p>En una medida significativa para fortalecer la transparencia, se ha anunciado la creaci\u00f3n de un nuevo tribunal de disciplina en<\/p>\n","protected":false},"author":4,"featured_media":63486,"comment_status":"closed","ping_status":"closed","sticky":false,"template":"","format":"standard","meta":{"colormag_page_container_layout":"default_layout","colormag_page_sidebar_layout":"default_layout","_jetpack_memberships_contains_paid_content":false,"footnotes":"","jetpack_publicize_message":"","jetpack_publicize_feature_enabled":true,"jetpack_social_post_already_shared":false,"jetpack_social_options":{"image_generator_settings":{"template":"highway","default_image_id":0,"font":"","enabled":false},"version":2}},"categories":[1082],"tags":[],"class_list":["post-63485","post","type-post","status-publish","format-standard","has-post-thumbnail","hentry","category-tuxpan"],"jetpack_publicize_connections":[],"jetpack_featured_media_url":"https:\/\/i0.wp.com\/politicosaldesnudo.com.mx\/wp-content\/uploads\/2025\/05\/3b-7.jpg?fit=1600%2C726&ssl=1","jetpack-related-posts":[],"jetpack_sharing_enabled":true,"_links":{"self":[{"href":"https:\/\/politicosaldesnudo.com.mx\/index.php\/wp-json\/wp\/v2\/posts\/63485","targetHints":{"allow":["GET"]}}],"collection":[{"href":"https:\/\/politicosaldesnudo.com.mx\/index.php\/wp-json\/wp\/v2\/posts"}],"about":[{"href":"https:\/\/politicosaldesnudo.com.mx\/index.php\/wp-json\/wp\/v2\/types\/post"}],"author":[{"embeddable":true,"href":"https:\/\/politicosaldesnudo.com.mx\/index.php\/wp-json\/wp\/v2\/users\/4"}],"replies":[{"embeddable":true,"href":"https:\/\/politicosaldesnudo.com.mx\/index.php\/wp-json\/wp\/v2\/comments?post=63485"}],"version-history":[{"count":0,"href":"https:\/\/politicosaldesnudo.com.mx\/index.php\/wp-json\/wp\/v2\/posts\/63485\/revisions"}],"wp:featuredmedia":[{"embeddable":true,"href":"https:\/\/politicosaldesnudo.com.mx\/index.php\/wp-json\/wp\/v2\/media\/63486"}],"wp:attachment":[{"href":"https:\/\/politicosaldesnudo.com.mx\/index.php\/wp-json\/wp\/v2\/media?parent=63485"}],"wp:term":[{"taxonomy":"category","embeddable":true,"href":"https:\/\/politicosaldesnudo.com.mx\/index.php\/wp-json\/wp\/v2\/categories?post=63485"},{"taxonomy":"post_tag","embeddable":true,"href":"https:\/\/politicosaldesnudo.com.mx\/index.php\/wp-json\/wp\/v2\/tags?post=63485"}],"curies":[{"name":"wp","href":"https:\/\/api.w.org\/{rel}","templated":true}]}}