{"id":6352,"date":"2022-06-07T01:22:39","date_gmt":"2022-06-07T06:22:39","guid":{"rendered":"https:\/\/politicosaldesnudo.com.mx\/?p=6352"},"modified":"2022-06-08T17:56:11","modified_gmt":"2022-06-08T22:56:11","slug":"celebracion-de-la-libertad-de-expresion","status":"publish","type":"post","link":"https:\/\/politicosaldesnudo.com.mx\/index.php\/2022\/06\/07\/celebracion-de-la-libertad-de-expresion\/","title":{"rendered":"Celebraci\u00f3n de la Libertad de Expresi\u00f3n"},"content":{"rendered":"<p><span style=\"font-size: 18pt;\"><strong>Festejan el D\u00eda de la Libertad de Expresi\u00f3n en Xalapa<\/strong><\/span><\/p>\n<p>&nbsp;<\/p>\n<p><span style=\"font-size: 18pt;\"><strong>De izquierda a derecha: <\/strong><\/span><\/p>\n<p><span style=\"font-size: 18pt;\"><strong>El periodista del Sur Carlos Cevejara; el articulista de Turismo Fco. Tito Barqu\u00edn; el Director General de la Revista \u00abPol\u00edticos al Desnudo\u00bb y Premio de Periodismo \u00c1ngel \u00c1lvaro Pe\u00f1a; el Presidente de la Asociaci\u00f3n de Comunicadores y Premio de Periodismo Melit\u00f3n Morales y el Web Master Nohel Gonz\u00e1lez.<\/strong><\/span><\/p>\n","protected":false},"excerpt":{"rendered":"<p>Festejan el D\u00eda de la Libertad de Expresi\u00f3n en Xalapa &nbsp; De izquierda a derecha: El periodista del Sur Carlos<\/p>\n","protected":false},"author":4,"featured_media":6353,"comment_status":"closed","ping_status":"closed","sticky":false,"template":"","format":"standard","meta":{"colormag_page_container_layout":"default_layout","colormag_page_sidebar_layout":"default_layout","_jetpack_memberships_contains_paid_content":false,"footnotes":"","jetpack_publicize_message":"","jetpack_publicize_feature_enabled":true,"jetpack_social_post_already_shared":false,"jetpack_social_options":{"image_generator_settings":{"template":"highway","default_image_id":0,"font":"","enabled":false},"version":2}},"categories":[30],"tags":[],"class_list":["post-6352","post","type-post","status-publish","format-standard","has-post-thumbnail","hentry","category-estados"],"jetpack_publicize_connections":[],"jetpack_featured_media_url":"https:\/\/i0.wp.com\/politicosaldesnudo.com.mx\/wp-content\/uploads\/2022\/06\/WhatsApp-Image-2022-06-08-at-5.22.08-PM.jpeg?fit=1012%2C847&ssl=1","jetpack-related-posts":[],"jetpack_sharing_enabled":true,"_links":{"self":[{"href":"https:\/\/politicosaldesnudo.com.mx\/index.php\/wp-json\/wp\/v2\/posts\/6352","targetHints":{"allow":["GET"]}}],"collection":[{"href":"https:\/\/politicosaldesnudo.com.mx\/index.php\/wp-json\/wp\/v2\/posts"}],"about":[{"href":"https:\/\/politicosaldesnudo.com.mx\/index.php\/wp-json\/wp\/v2\/types\/post"}],"author":[{"embeddable":true,"href":"https:\/\/politicosaldesnudo.com.mx\/index.php\/wp-json\/wp\/v2\/users\/4"}],"replies":[{"embeddable":true,"href":"https:\/\/politicosaldesnudo.com.mx\/index.php\/wp-json\/wp\/v2\/comments?post=6352"}],"version-history":[{"count":0,"href":"https:\/\/politicosaldesnudo.com.mx\/index.php\/wp-json\/wp\/v2\/posts\/6352\/revisions"}],"wp:featuredmedia":[{"embeddable":true,"href":"https:\/\/politicosaldesnudo.com.mx\/index.php\/wp-json\/wp\/v2\/media\/6353"}],"wp:attachment":[{"href":"https:\/\/politicosaldesnudo.com.mx\/index.php\/wp-json\/wp\/v2\/media?parent=6352"}],"wp:term":[{"taxonomy":"category","embeddable":true,"href":"https:\/\/politicosaldesnudo.com.mx\/index.php\/wp-json\/wp\/v2\/categories?post=6352"},{"taxonomy":"post_tag","embeddable":true,"href":"https:\/\/politicosaldesnudo.com.mx\/index.php\/wp-json\/wp\/v2\/tags?post=6352"}],"curies":[{"name":"wp","href":"https:\/\/api.w.org\/{rel}","templated":true}]}}