{"id":63545,"date":"2025-05-22T22:30:02","date_gmt":"2025-05-23T04:30:02","guid":{"rendered":"https:\/\/politicosaldesnudo.com.mx\/?p=63545"},"modified":"2025-05-22T22:30:02","modified_gmt":"2025-05-23T04:30:02","slug":"violencia-selectiva","status":"publish","type":"post","link":"https:\/\/politicosaldesnudo.com.mx\/index.php\/2025\/05\/22\/violencia-selectiva\/","title":{"rendered":"Violencia selectiva"},"content":{"rendered":"<p><em>\u201cEl buen juicio no necesita de la violencia.\u201d \u2013 Le\u00f3n Tolstoi.<\/em><\/p>\n<p><strong>\u00a0<\/strong><\/p>\n<p><strong>Los hechos suscitados en las \u00faltimas horas en la entidad bien se pueden tipificar de violencia selectiva; \u00bfser\u00e1 acaso que \u00e9sta pretenda ser empleada como estrategia para inhibir la participaci\u00f3n ciudadana?<\/strong><\/p>\n<p><strong>Evaluemos los datos y hechos.<\/strong><\/p>\n<p><strong>En Veracruz, la seguridad ha sido una prioridad para la administraci\u00f3n de la gobernadora Roc\u00edo Nahle Garc\u00eda. Desde su llegada, su gabinete de seguridad ha operado con el respaldo total del Gobierno Federal, desplegando estrategias para contener la violencia en el marco de un proceso electoral especialmente complejo.<\/strong><\/p>\n<p><strong>Sin embargo, pese a estos esfuerzos, existen actores pol\u00edticos y sociales que, lejos de contribuir al orden democr\u00e1tico, parecen decididos a sembrar miedo como mecanismo para inhibir la participaci\u00f3n ciudadana.<\/strong><\/p>\n<p><strong>La l\u00f3gica es clara: si la gente no sale a votar, ganan quienes controlan territorios a trav\u00e9s de estructuras oscuras. Esa es la verdadera amenaza para la democracia. <\/strong><\/p>\n<p><strong>Resulta sintom\u00e1tico que mientras Morena ha sometido a sus candidatos al escrutinio riguroso de la Plataforma M\u00e9xico, partidos como Movimiento Ciudadano (MC) han abierto sus candidaturas a perfiles con antecedentes penales, se\u00f1alamientos p\u00fablicos e incluso v\u00ednculos con el crimen organizado.<\/strong><\/p>\n<p><strong>Los ejemplos son alarmantes. En Nanchital, Elvis Ventura, candidato de MC, renunci\u00f3 tras la aparici\u00f3n de un video que lo relaciona con grupos criminales. En Las Choapas, Jes\u00fas Uribe exhibe un nivel de ostentaci\u00f3n que no corresponde con su trayectoria pol\u00edtica, incluyendo el uso de un helic\u00f3ptero \u00bfde d\u00f3nde salen esos recursos? <\/strong><\/p>\n<p><strong>En Papantla, Mariano Romero carga con se\u00f1alamientos persistentes; en Tantoyuca, Jaime Pascual Hern\u00e1ndez tiene abierta una carpeta de investigaci\u00f3n por trata de personas; en Soconusco, Crist\u00f3bal Sinforoso, hermano del exalcalde Rolando Sinforoso, carga con el estigma de sus presuntos v\u00ednculos con un grupo del crimen organizado.<\/strong><\/p>\n<p><strong>Estos no son casos aislados. Son parte de un patr\u00f3n preocupante. <\/strong><\/p>\n<p><strong>Y aqu\u00ed surge la pregunta inevitable: \u00bfQui\u00e9n est\u00e1 detr\u00e1s de esta estrategia en Movimiento Ciudadano?<\/strong><\/p>\n<p><strong>Dante Delgado Rannauro, su fundador, se encuentra alejado de la escena p\u00fablica atendiendo su salud. El peso de las decisiones recae entonces en Jorge \u00c1lvarez M\u00e1ynez, un dirigente joven que, aunque bien intencionado, parece estar siendo superado por los intereses de operadores con una amplia experiencia en temas que se mantienen al l\u00edmite de la legalidad, pero que por su parte traen su agenda propia.<\/strong><\/p>\n<p><strong>A pesar de esta situaci\u00f3n, el Gobierno de Veracruz contin\u00faa apostando por la estabilidad. Pero no se puede obviar que hay sectores que, deliberadamente, apuestan por la desestabilizaci\u00f3n y el caos como estrategia electoral. <\/strong><\/p>\n<p><strong>La ciudadan\u00eda debe estar alerta y no dejarse enga\u00f1ar por candidaturas artificiales, ni campa\u00f1as de miedo. La participaci\u00f3n consciente y masiva en las urnas es la mejor respuesta frente a quienes buscan que reine el silencio, el miedo y la impunidad.<\/strong><\/p>\n<p><strong>\u00a0<\/strong><\/p>\n<p><strong>Al tiempo.<\/strong><\/p>\n<p><img data-recalc-dims=\"1\" loading=\"lazy\" decoding=\"async\" class=\"aligncenter size-full wp-image-63543\" src=\"https:\/\/i0.wp.com\/politicosaldesnudo.com.mx\/wp-content\/uploads\/2025\/05\/FIRMA-EDITORIAL-PD-8.jpg?resize=800%2C98&#038;ssl=1\" alt=\"\" width=\"800\" height=\"98\" srcset=\"https:\/\/i0.wp.com\/politicosaldesnudo.com.mx\/wp-content\/uploads\/2025\/05\/FIRMA-EDITORIAL-PD-8.jpg?w=1024&amp;ssl=1 1024w, https:\/\/i0.wp.com\/politicosaldesnudo.com.mx\/wp-content\/uploads\/2025\/05\/FIRMA-EDITORIAL-PD-8.jpg?resize=300%2C37&amp;ssl=1 300w, https:\/\/i0.wp.com\/politicosaldesnudo.com.mx\/wp-content\/uploads\/2025\/05\/FIRMA-EDITORIAL-PD-8.jpg?resize=768%2C94&amp;ssl=1 768w\" sizes=\"auto, (max-width: 800px) 100vw, 800px\" \/><\/p>\n","protected":false},"excerpt":{"rendered":"<p>\u201cEl buen juicio no necesita de la violencia.\u201d \u2013 Le\u00f3n Tolstoi. \u00a0 Los hechos suscitados en las \u00faltimas horas en<\/p>\n","protected":false},"author":4,"featured_media":36965,"comment_status":"closed","ping_status":"closed","sticky":false,"template":"","format":"standard","meta":{"colormag_page_container_layout":"default_layout","colormag_page_sidebar_layout":"default_layout","_jetpack_memberships_contains_paid_content":false,"footnotes":"","jetpack_publicize_message":"","jetpack_publicize_feature_enabled":true,"jetpack_social_post_already_shared":false,"jetpack_social_options":{"image_generator_settings":{"template":"highway","default_image_id":0,"font":"","enabled":false},"version":2}},"categories":[26],"tags":[],"class_list":["post-63545","post","type-post","status-publish","format-standard","has-post-thumbnail","hentry","category-columnistas"],"jetpack_publicize_connections":[],"jetpack_featured_media_url":"https:\/\/i0.wp.com\/politicosaldesnudo.com.mx\/wp-content\/uploads\/2024\/05\/LUIS-RAMIREZ-BAQUEIRO.jpg?fit=800%2C445&ssl=1","jetpack-related-posts":[],"jetpack_sharing_enabled":true,"_links":{"self":[{"href":"https:\/\/politicosaldesnudo.com.mx\/index.php\/wp-json\/wp\/v2\/posts\/63545","targetHints":{"allow":["GET"]}}],"collection":[{"href":"https:\/\/politicosaldesnudo.com.mx\/index.php\/wp-json\/wp\/v2\/posts"}],"about":[{"href":"https:\/\/politicosaldesnudo.com.mx\/index.php\/wp-json\/wp\/v2\/types\/post"}],"author":[{"embeddable":true,"href":"https:\/\/politicosaldesnudo.com.mx\/index.php\/wp-json\/wp\/v2\/users\/4"}],"replies":[{"embeddable":true,"href":"https:\/\/politicosaldesnudo.com.mx\/index.php\/wp-json\/wp\/v2\/comments?post=63545"}],"version-history":[{"count":0,"href":"https:\/\/politicosaldesnudo.com.mx\/index.php\/wp-json\/wp\/v2\/posts\/63545\/revisions"}],"wp:featuredmedia":[{"embeddable":true,"href":"https:\/\/politicosaldesnudo.com.mx\/index.php\/wp-json\/wp\/v2\/media\/36965"}],"wp:attachment":[{"href":"https:\/\/politicosaldesnudo.com.mx\/index.php\/wp-json\/wp\/v2\/media?parent=63545"}],"wp:term":[{"taxonomy":"category","embeddable":true,"href":"https:\/\/politicosaldesnudo.com.mx\/index.php\/wp-json\/wp\/v2\/categories?post=63545"},{"taxonomy":"post_tag","embeddable":true,"href":"https:\/\/politicosaldesnudo.com.mx\/index.php\/wp-json\/wp\/v2\/tags?post=63545"}],"curies":[{"name":"wp","href":"https:\/\/api.w.org\/{rel}","templated":true}]}}