{"id":63547,"date":"2025-05-23T00:01:45","date_gmt":"2025-05-23T06:01:45","guid":{"rendered":"https:\/\/politicosaldesnudo.com.mx\/?p=63547"},"modified":"2025-05-23T00:01:45","modified_gmt":"2025-05-23T06:01:45","slug":"cuitlahuac-en-el-banquillo","status":"publish","type":"post","link":"https:\/\/politicosaldesnudo.com.mx\/index.php\/2025\/05\/23\/cuitlahuac-en-el-banquillo\/","title":{"rendered":"Cuitl\u00e1huac en el banquillo"},"content":{"rendered":"<p><span style=\"font-size: 18pt; font-family: arial, helvetica, sans-serif;\"><strong>ALMA GRANDE<\/strong><\/span><\/p>\n<p><span style=\"font-size: 18pt; font-family: arial, helvetica, sans-serif;\"><strong>Por \u00c1ngel \u00c1lvaro Pe\u00f1a<\/strong><\/span><\/p>\n<p><span style=\"font-size: 14pt; font-family: arial, helvetica, sans-serif;\">Atorados en la vieja costumbre del pasado los panistas quieren que el ex gobernador de Veracruz, Cuitl\u00e1huac Garc\u00eda Jim\u00e9nez, renuncie para que sea investigado, como si el hecho de que es director del Centro Nacional de Control de Gas Natural, Cenagas, le otorgara fuero.<\/span><\/p>\n<p><span style=\"font-size: 14pt; font-family: arial, helvetica, sans-serif;\">Para los panistas todo cargo p\u00fablico tiene fuero porque as\u00ed conviene a los\u00a0intereses de los\u00a0miembros\u00a0de\u00a0su partido, y con esa medida imaginaria se conducen hasta para hacer justicia contra el adversario.<\/span><\/p>\n<p><span style=\"font-size: 14pt; font-family: arial, helvetica, sans-serif;\">Aqu\u00ed lo relevante no es\u00a0que tenga fuero o que un personaje improvisado en las\u00a0tareas pol\u00edticas\u00a0incurra en desv\u00edos voluntarios o errores imperdonables. Lo trascendente es\u00a0que la actual gobernadora Roc\u00edo Nahle, descubre y denuncia a la administraci\u00f3n de\u00a0su antecesor,\u00a0siendo del mismo partido.\u00a0Situaci\u00f3n que nunca hab\u00eda ocurrido en Veracruz.<\/span><\/p>\n<p><span style=\"font-size: 14pt; font-family: arial, helvetica, sans-serif;\">Ubicarse en la nueva realidad pol\u00edtica les cuesta m\u00e1s trabajo a los\u00a0conservadores panistas\u00a0por cuestiones naturales;\u00a0sin embargo, esto no le resta culpa a quienes son responsables ni quita delitos a quienes\u00a0violaron la ley.<\/span><\/p>\n<p><span style=\"font-size: 14pt; font-family: arial, helvetica, sans-serif;\">Roc\u00edo Nahle, denunci\u00f3 a Cuitl\u00e1huac Garc\u00eda, por un desfalco millonario en el \u00e1rea de salud. Sin embargo, la presidenta Claudia\u00a0Sheinbaum,\u00a0defendi\u00f3 al actual director de Cenagas al asegurar que \u00abest\u00e1 haciendo un gran trabajo\u00bb.<\/span><\/p>\n<p><span style=\"font-size: 14pt; font-family: arial, helvetica, sans-serif;\">La gobernadora reconoci\u00f3 que la Auditor\u00eda Superior de la Federaci\u00f3n detect\u00f3 irregularidades en la Secretar\u00eda de Salud local por 1,600 millones de pesos durante el per\u00edodo fiscal de 2023.<\/span><\/p>\n<p><span style=\"font-size: 14pt; font-family: arial, helvetica, sans-serif;\">Resulta interesante este proceso porque en la figura del ex gobernador de Veracruz puede centrarse un punto clave en la pol\u00edtica mexicana, porque\u00a0si\u00a0se permite una investigaci\u00f3n a fondo contra Cuitl\u00e1huac y \u00e9ste resulta responsable, la poblaci\u00f3n ver\u00e1 que la diferencia entre el ex presidente de la Rep\u00fablica y la actual Presidenta\u00a0empiezan a marcarse de manera clara y contundente;\u00a0sin embargo,\u00a0si la investigaci\u00f3n arrojara otros culpables, la aparente inocencia del ex gobernador parecer\u00eda un perd\u00f3n de parte de la presidenta que\u00a0ser\u00eda calificada de continuar con la misma pol\u00edtica exactamente.<\/span><\/p>\n<p><span style=\"font-size: 14pt; font-family: arial, helvetica, sans-serif;\">Hay se\u00f1alamientos\u00a0muy serios\u00a0sobre la responsabilidad directa de Cuitl\u00e1huac,\u00a0sin embargo, las\u00a0investigaciones\u00a0avanzan, renuncie o no el ex gobernador a\u00a0su actual cargo.<\/span><\/p>\n<p><span style=\"font-size: 14pt; font-family: arial, helvetica, sans-serif;\">Lo cierto es\u00a0que debe castigarse al culpable. Aunque debemos tomar en cuenta que\u00a0si el gobernador no\u00a0se dio cuenta de c\u00f3mo\u00a0sucedi\u00f3, debe\u00a0ser castigado, y\u00a0si\u00a0se dio cuenta con mayor raz\u00f3n. Ya no digamos\u00a0si la causa de dicho desfalco fueron sus \u00f3rdenes expresas.<\/span><\/p>\n<p><span style=\"font-size: 14pt; font-family: arial, helvetica, sans-serif;\">Ante estas acusaciones hechas por las autoridades, la gobernadora responsabiliza en primera instancia a Cuitl\u00e1huac Garc\u00eda al asegurar que su administraci\u00f3n dar\u00e1 seguimiento a las denuncias y que se llamar\u00e1 a responder a las autoridades vinculadas del \u00e1rea de salud. \u00abNo va a haber encubrimiento. Yo tengo que cuidar el patrimonio de Veracruz, esa es mi funci\u00f3n\u00bb, alert\u00f3 la gobernadora.<\/span><\/p>\n<p><span style=\"font-size: 14pt; font-family: arial, helvetica, sans-serif;\">La gobernadora le tiene un guardadito a\u00a0su antecesor cuando \u00e9ste, teniendo la obligaci\u00f3n de detener la promoci\u00f3n de la imagen, en tiempos electorales,\u00a0que realizaba el entonces\u00a0secretario de gobierno, Eric Cisneros, lo dej\u00f3 libre para que presentara\u00a0su libro a lo largo y ancho del estado, con permisos para faltar a sus obligaciones\u00a0con ese pretexto.<\/span><\/p>\n<p><span style=\"font-size: 14pt; font-family: arial, helvetica, sans-serif;\">Cisneros Burgos, no ocultaba\u00a0sus\u00a0deseos por\u00a0ser el\u00a0siguiente gobernador y, a pesar de que la ley le imped\u00eda dicha promoci\u00f3n, Garc\u00eda Jim\u00e9nez lo permiti\u00f3 y alent\u00f3.<\/span><\/p>\n<p><span style=\"font-size: 14pt; font-family: arial, helvetica, sans-serif;\">El \u00e1rea de la salud fue un problema para el gobierno de Cuitl\u00e1huac Garc\u00eda. Durante sus seis a\u00f1os de mandato, tuvo tres\u00a0titulares, primero Roberto Ramos Alor, quien hoy coordina el IMSS-Bienestar en el estado; el segundo fue Gerardo D\u00edaz Morales, quien falleci\u00f3 y fue sucedido por Guadalupe D\u00edaz del Castillo.<\/span><\/p>\n<p><span style=\"font-size: 14pt; font-family: arial, helvetica, sans-serif;\">Es\u00a0decir, lo m\u00e1s\u00a0f\u00e1cil es\u00a0que\u00a0se culpe a cualquiera de ellos, ninguno est\u00e1 a la vista. El \u00fanico visible y con cargo p\u00fablico es\u00a0el ex gobernador.<\/span><\/p>\n<p><span style=\"font-size: 14pt; font-family: arial, helvetica, sans-serif;\">En el sexenio de Cuitl\u00e1huac los Servicios de Salud de Veracruz registraron un desv\u00edo de m\u00e1s de dos mil millones de pesos mediante un esquema de contratos por adjudicaci\u00f3n directa, otorgados a empresas de reciente creaci\u00f3n y proveedores vinculados a casos de corrupci\u00f3n.<\/span><\/p>\n<p><span style=\"font-size: 14pt; font-family: arial, helvetica, sans-serif;\">En la Cuenta P\u00fablica 2023 la Auditor\u00eda Superior de la Federaci\u00f3n orden\u00f3 a la Contralor\u00eda General iniciar 24 investigaciones contra funcionarios de la dependencia por irregularidades en contratos que suman casi mil 600 millones de pesos, sin justificaci\u00f3n comprobable.<\/span><\/p>\n<p><span style=\"font-size: 14pt; font-family: arial, helvetica, sans-serif;\">Sisniega de pronto se convirti\u00f3 en un pr\u00f3spero empresario inmobiliario.<\/span><\/p>\n<p><span style=\"font-size: 14pt; font-family: arial, helvetica, sans-serif;\">Las auditor\u00edas revelan que, bajo su mando, el gobierno de la Cuarta Transformaci\u00f3n en Veracruz continu\u00f3 otorgando contratos a empresas cuestionadas e incluso sancionadas en administraciones previas por irregularidades.<\/span><\/p>\n<p><span style=\"font-size: 14pt; font-family: arial, helvetica, sans-serif;\">Uno de los casos m\u00e1s pol\u00e9micos es el de Productos Serel, empresa que durante el gobierno de Cuitl\u00e1huac Garc\u00eda desde 2020 recibi\u00f3 m\u00e1s de 290 millones de pesos por el Servicio Subrogado de Alimentos y Bebidas para la red hospitalaria de los Servicios de Salud de Veracruz.<\/span><\/p>\n<p><span style=\"font-size: 14pt; font-family: arial, helvetica, sans-serif;\">Aunque en entrevistas recientes\u00a0la gobernadora\u00a0Roc\u00edo Nahle,\u00a0neg\u00f3 que haya alg\u00fan pleito o rompimiento con su antecesor,\u00a0se\u00f1al\u00f3, a pesar de que hay de por medio una\u00a0denuncia penal por irregularidades detectadas en el Sector Salud,\u00a0en el ejercicio fiscal del 2023.<\/span><\/p>\n<p><span style=\"font-size: 14pt; font-family: arial, helvetica, sans-serif;\">Adem\u00e1s, Nahle se mostr\u00f3 sorprendida por el \u201cvuelo\u201d que le dieron medios nacionales a su anuncio de la presentaci\u00f3n de una\u00a0denuncia penal, ya que, record\u00f3,\u00a0se trata de protocolos establecidos por la Auditor\u00eda.<\/span><\/p>\n<p><span style=\"font-size: 14pt; font-family: arial, helvetica, sans-serif;\">Cabe destacar que, a principios de esta semana,\u00a0Nahle Garc\u00eda dio a conocer que se present\u00f3 una denuncia por irregularidades detectadas en la Secretar\u00eda de Salud y Asistencia en el ejercicio fiscal del 2023, contra quien resulte responsable.<\/span><\/p>\n<p><span style=\"font-size: 14pt; font-family: arial, helvetica, sans-serif;\">La gobernadora coment\u00f3 que la\u00a0ASF realiz\u00f3 una auditor\u00eda profunda,\u00a0y en una primera instancia emitieron observaciones,\u00a0las cuales debieron atender los ex funcionarios que\u00a0sean responsables, donde la figura central es\u00a0el ex gobernador. La aclaraci\u00f3n de Roc\u00edo Nahle es contundente al se\u00f1alar que no habr\u00e1 impunidad.<\/span><\/p>\n<p><span style=\"font-size: 14pt; font-family: arial, helvetica, sans-serif;\">Para los panistas una simple observaci\u00f3n es un delito consumado, cuando se trata de sus contrincantes, pero cuando ellos\u00a0tienen el agua hasta el cuello y con evidencia dicen que se trata de una persecuci\u00f3n pol\u00edtica.\u00a0Lo que quiere la ciudadan\u00eda es que se castigue a los culpables de la corrupci\u00f3n, sin importar el partido; siendo culpables debe haber una\u00a0sanci\u00f3n ejemplar.<\/span><\/p>\n<p><span style=\"font-size: 14pt; font-family: arial, helvetica, sans-serif;\"><strong>PEGA Y CORRE.-<\/strong> Los\u00a0plantones\u00a0de la CNTE, tan\u00a0s\u00f3lo en el Centro Hist\u00f3rico de la Ciudad de M\u00e9xico, las\u00a0p\u00e9rdidas\u00a0de los comerciantes\u00a0suman 6 mil millones\u00a0de pesos. \u2026Esta columna se publica los lunes, mi\u00e9rcoles y viernes.<\/span><\/p>\n<p><img data-recalc-dims=\"1\" loading=\"lazy\" decoding=\"async\" class=\"aligncenter size-full wp-image-63543\" src=\"https:\/\/i0.wp.com\/politicosaldesnudo.com.mx\/wp-content\/uploads\/2025\/05\/FIRMA-EDITORIAL-PD-8.jpg?resize=800%2C98&#038;ssl=1\" alt=\"\" width=\"800\" height=\"98\" srcset=\"https:\/\/i0.wp.com\/politicosaldesnudo.com.mx\/wp-content\/uploads\/2025\/05\/FIRMA-EDITORIAL-PD-8.jpg?w=1024&amp;ssl=1 1024w, https:\/\/i0.wp.com\/politicosaldesnudo.com.mx\/wp-content\/uploads\/2025\/05\/FIRMA-EDITORIAL-PD-8.jpg?resize=300%2C37&amp;ssl=1 300w, https:\/\/i0.wp.com\/politicosaldesnudo.com.mx\/wp-content\/uploads\/2025\/05\/FIRMA-EDITORIAL-PD-8.jpg?resize=768%2C94&amp;ssl=1 768w\" sizes=\"auto, (max-width: 800px) 100vw, 800px\" \/><\/p>\n","protected":false},"excerpt":{"rendered":"<p>ALMA GRANDE Por \u00c1ngel \u00c1lvaro Pe\u00f1a Atorados en la vieja costumbre del pasado los panistas quieren que el ex gobernador<\/p>\n","protected":false},"author":4,"featured_media":63548,"comment_status":"closed","ping_status":"closed","sticky":false,"template":"","format":"standard","meta":{"colormag_page_container_layout":"default_layout","colormag_page_sidebar_layout":"default_layout","_jetpack_memberships_contains_paid_content":false,"footnotes":"","jetpack_publicize_message":"","jetpack_publicize_feature_enabled":true,"jetpack_social_post_already_shared":false,"jetpack_social_options":{"image_generator_settings":{"template":"highway","default_image_id":0,"font":"","enabled":false},"version":2}},"categories":[26],"tags":[],"class_list":["post-63547","post","type-post","status-publish","format-standard","has-post-thumbnail","hentry","category-columnistas"],"jetpack_publicize_connections":[],"jetpack_featured_media_url":"https:\/\/i0.wp.com\/politicosaldesnudo.com.mx\/wp-content\/uploads\/2025\/05\/BANNER-LOPEZ-DORIGA-DIGITAL-5.jpg?fit=800%2C445&ssl=1","jetpack-related-posts":[],"jetpack_sharing_enabled":true,"_links":{"self":[{"href":"https:\/\/politicosaldesnudo.com.mx\/index.php\/wp-json\/wp\/v2\/posts\/63547","targetHints":{"allow":["GET"]}}],"collection":[{"href":"https:\/\/politicosaldesnudo.com.mx\/index.php\/wp-json\/wp\/v2\/posts"}],"about":[{"href":"https:\/\/politicosaldesnudo.com.mx\/index.php\/wp-json\/wp\/v2\/types\/post"}],"author":[{"embeddable":true,"href":"https:\/\/politicosaldesnudo.com.mx\/index.php\/wp-json\/wp\/v2\/users\/4"}],"replies":[{"embeddable":true,"href":"https:\/\/politicosaldesnudo.com.mx\/index.php\/wp-json\/wp\/v2\/comments?post=63547"}],"version-history":[{"count":0,"href":"https:\/\/politicosaldesnudo.com.mx\/index.php\/wp-json\/wp\/v2\/posts\/63547\/revisions"}],"wp:featuredmedia":[{"embeddable":true,"href":"https:\/\/politicosaldesnudo.com.mx\/index.php\/wp-json\/wp\/v2\/media\/63548"}],"wp:attachment":[{"href":"https:\/\/politicosaldesnudo.com.mx\/index.php\/wp-json\/wp\/v2\/media?parent=63547"}],"wp:term":[{"taxonomy":"category","embeddable":true,"href":"https:\/\/politicosaldesnudo.com.mx\/index.php\/wp-json\/wp\/v2\/categories?post=63547"},{"taxonomy":"post_tag","embeddable":true,"href":"https:\/\/politicosaldesnudo.com.mx\/index.php\/wp-json\/wp\/v2\/tags?post=63547"}],"curies":[{"name":"wp","href":"https:\/\/api.w.org\/{rel}","templated":true}]}}