{"id":63563,"date":"2025-05-24T00:04:36","date_gmt":"2025-05-24T06:04:36","guid":{"rendered":"https:\/\/politicosaldesnudo.com.mx\/?p=63563"},"modified":"2025-05-23T21:50:09","modified_gmt":"2025-05-24T03:50:09","slug":"salvaguardan-a-trabajadores-de-limpieza","status":"publish","type":"post","link":"https:\/\/politicosaldesnudo.com.mx\/index.php\/2025\/05\/24\/salvaguardan-a-trabajadores-de-limpieza\/","title":{"rendered":"Salvaguardan a trabajadores de limpieza"},"content":{"rendered":"<p>Ante el incremento de las altas temperaturas en el municipio, la regidur\u00eda primera, comisionada en Protecci\u00f3n Civil, ha implementado medidas preventivas para proteger la salud de los trabajadores de limpieza, conocidos como barrenderos, una de las acciones principales es el abastecimiento de agua para estos empleados.<\/p>\n<p>Esta iniciativa ha sido respaldada por la primera autoridad del municipio, enfatizando la importancia de priorizar el bienestar de los trabajadores municipales, pues esta medida busca salvaguardar la integridad de quienes, d\u00eda a d\u00eda, laboran para mantener limpia la ciudad, a menudo bajo condiciones clim\u00e1ticas extremas.<\/p>\n<p>El edil Amado Guti\u00e9rrez Lima destac\u00f3 que esta acci\u00f3n es una muestra clara del compromiso de la administraci\u00f3n actual con sus empleados, reconociendo su esfuerzo y dedicaci\u00f3n.<\/p>\n<p>\u00abEsta iniciativa no solo responde a una necesidad urgente por las altas temperaturas, sino tambi\u00e9n al compromiso que tenemos con quienes diariamente dan lo mejor de s\u00ed por Tuxpan\u00bb, expres\u00f3 el regidor.<\/p>\n<p>La administraci\u00f3n municipal hace un llamado a la ciudadan\u00eda para apoyar estas acciones y fomentar el respeto hacia los trabajadores de limpieza, especialmente durante las temporadas de\u00a0calor\u00a0extremo.<\/p>\n","protected":false},"excerpt":{"rendered":"<p>Ante el incremento de las altas temperaturas en el municipio, la regidur\u00eda primera, comisionada en Protecci\u00f3n Civil, ha implementado medidas<\/p>\n","protected":false},"author":4,"featured_media":63564,"comment_status":"closed","ping_status":"closed","sticky":false,"template":"","format":"standard","meta":{"colormag_page_container_layout":"default_layout","colormag_page_sidebar_layout":"default_layout","_jetpack_memberships_contains_paid_content":false,"footnotes":"","jetpack_publicize_message":"","jetpack_publicize_feature_enabled":true,"jetpack_social_post_already_shared":false,"jetpack_social_options":{"image_generator_settings":{"template":"highway","default_image_id":0,"font":"","enabled":false},"version":2}},"categories":[1082],"tags":[],"class_list":["post-63563","post","type-post","status-publish","format-standard","has-post-thumbnail","hentry","category-tuxpan"],"jetpack_publicize_connections":[],"jetpack_featured_media_url":"https:\/\/i0.wp.com\/politicosaldesnudo.com.mx\/wp-content\/uploads\/2025\/05\/3c-8.jpg?fit=1276%2C960&ssl=1","jetpack-related-posts":[],"jetpack_sharing_enabled":true,"_links":{"self":[{"href":"https:\/\/politicosaldesnudo.com.mx\/index.php\/wp-json\/wp\/v2\/posts\/63563","targetHints":{"allow":["GET"]}}],"collection":[{"href":"https:\/\/politicosaldesnudo.com.mx\/index.php\/wp-json\/wp\/v2\/posts"}],"about":[{"href":"https:\/\/politicosaldesnudo.com.mx\/index.php\/wp-json\/wp\/v2\/types\/post"}],"author":[{"embeddable":true,"href":"https:\/\/politicosaldesnudo.com.mx\/index.php\/wp-json\/wp\/v2\/users\/4"}],"replies":[{"embeddable":true,"href":"https:\/\/politicosaldesnudo.com.mx\/index.php\/wp-json\/wp\/v2\/comments?post=63563"}],"version-history":[{"count":0,"href":"https:\/\/politicosaldesnudo.com.mx\/index.php\/wp-json\/wp\/v2\/posts\/63563\/revisions"}],"wp:featuredmedia":[{"embeddable":true,"href":"https:\/\/politicosaldesnudo.com.mx\/index.php\/wp-json\/wp\/v2\/media\/63564"}],"wp:attachment":[{"href":"https:\/\/politicosaldesnudo.com.mx\/index.php\/wp-json\/wp\/v2\/media?parent=63563"}],"wp:term":[{"taxonomy":"category","embeddable":true,"href":"https:\/\/politicosaldesnudo.com.mx\/index.php\/wp-json\/wp\/v2\/categories?post=63563"},{"taxonomy":"post_tag","embeddable":true,"href":"https:\/\/politicosaldesnudo.com.mx\/index.php\/wp-json\/wp\/v2\/tags?post=63563"}],"curies":[{"name":"wp","href":"https:\/\/api.w.org\/{rel}","templated":true}]}}