{"id":63566,"date":"2025-05-24T00:05:49","date_gmt":"2025-05-24T06:05:49","guid":{"rendered":"https:\/\/politicosaldesnudo.com.mx\/?p=63566"},"modified":"2025-05-23T22:14:01","modified_gmt":"2025-05-24T04:14:01","slug":"proximo-periodo-legislativo-incluira-iniciativas-vinculadas-a-reforma-judicial-y-seguridad-csp","status":"publish","type":"post","link":"https:\/\/politicosaldesnudo.com.mx\/index.php\/2025\/05\/24\/proximo-periodo-legislativo-incluira-iniciativas-vinculadas-a-reforma-judicial-y-seguridad-csp\/","title":{"rendered":"Pr\u00f3ximo periodo legislativo incluir\u00e1 iniciativas vinculadas a reforma judicial y seguridad: CSP"},"content":{"rendered":"<p>Durante el pr\u00f3ximo periodo de sesiones del Congreso, se incluir\u00e1n alrededor de 22 iniciativas de ley, muchas de ellas ligadas a la reforma judicial, algunas m\u00e1s vinculadas a seguridad, adem\u00e1s de modificaciones en el \u00e1mbito de telecomunicaciones, dijo la presidenta Claudia Sheinbaum.<\/p>\n<p>En este contexto, ratific\u00f3 que la iniciativa en este \u00faltimo \u00e1mbito no pretend\u00eda imponer la censura, una pr\u00e1ctica, dijo, en la que no creemos, sino que era un art\u00edculo que pretend\u00eda coadyuvar con funciones del Servicio de Administraci\u00f3n Tributaria pero se retir\u00f3 para evitar que se asocia a una pretensi\u00f3n de censura.<\/p>\n<p>Asegur\u00f3 que uno de los objetivos centrales es impulsar que una empresa p\u00fablica pueda proveer de Internet, que se garanticen los derechos de las audiencias, que se impulsen las radios comunitarias y tengan oportunidad de desarrollarse .<\/p>\n<p>A pregunta expresa sobre las inquietudes relacionadas con registro nacional de telefon\u00eda m\u00f3vil, \u00a0la mandataria coment\u00f3\u00a0 que era un art\u00edculo relacionado con la ley de seguridad porque en la actualidad se pueden conseguir chips sin tener que acreditar el nombre y esto favorece la actuaci\u00f3n de la delincuencia.<\/p>\n","protected":false},"excerpt":{"rendered":"<p>Durante el pr\u00f3ximo periodo de sesiones del Congreso, se incluir\u00e1n alrededor de 22 iniciativas de ley, muchas de ellas ligadas<\/p>\n","protected":false},"author":4,"featured_media":63567,"comment_status":"closed","ping_status":"closed","sticky":false,"template":"","format":"standard","meta":{"colormag_page_container_layout":"default_layout","colormag_page_sidebar_layout":"default_layout","_jetpack_memberships_contains_paid_content":false,"footnotes":"","jetpack_publicize_message":"","jetpack_publicize_feature_enabled":true,"jetpack_social_post_already_shared":false,"jetpack_social_options":{"image_generator_settings":{"template":"highway","default_image_id":0,"font":"","enabled":false},"version":2}},"categories":[33],"tags":[],"class_list":["post-63566","post","type-post","status-publish","format-standard","has-post-thumbnail","hentry","category-nacional"],"jetpack_publicize_connections":[],"jetpack_featured_media_url":"https:\/\/i0.wp.com\/politicosaldesnudo.com.mx\/wp-content\/uploads\/2025\/05\/8f1cd0a42e551f17b1819c6b80d3722c1f500c17.jpg?fit=1280%2C720&ssl=1","jetpack-related-posts":[],"jetpack_sharing_enabled":true,"_links":{"self":[{"href":"https:\/\/politicosaldesnudo.com.mx\/index.php\/wp-json\/wp\/v2\/posts\/63566","targetHints":{"allow":["GET"]}}],"collection":[{"href":"https:\/\/politicosaldesnudo.com.mx\/index.php\/wp-json\/wp\/v2\/posts"}],"about":[{"href":"https:\/\/politicosaldesnudo.com.mx\/index.php\/wp-json\/wp\/v2\/types\/post"}],"author":[{"embeddable":true,"href":"https:\/\/politicosaldesnudo.com.mx\/index.php\/wp-json\/wp\/v2\/users\/4"}],"replies":[{"embeddable":true,"href":"https:\/\/politicosaldesnudo.com.mx\/index.php\/wp-json\/wp\/v2\/comments?post=63566"}],"version-history":[{"count":0,"href":"https:\/\/politicosaldesnudo.com.mx\/index.php\/wp-json\/wp\/v2\/posts\/63566\/revisions"}],"wp:featuredmedia":[{"embeddable":true,"href":"https:\/\/politicosaldesnudo.com.mx\/index.php\/wp-json\/wp\/v2\/media\/63567"}],"wp:attachment":[{"href":"https:\/\/politicosaldesnudo.com.mx\/index.php\/wp-json\/wp\/v2\/media?parent=63566"}],"wp:term":[{"taxonomy":"category","embeddable":true,"href":"https:\/\/politicosaldesnudo.com.mx\/index.php\/wp-json\/wp\/v2\/categories?post=63566"},{"taxonomy":"post_tag","embeddable":true,"href":"https:\/\/politicosaldesnudo.com.mx\/index.php\/wp-json\/wp\/v2\/tags?post=63566"}],"curies":[{"name":"wp","href":"https:\/\/api.w.org\/{rel}","templated":true}]}}