{"id":63719,"date":"2025-05-26T00:31:21","date_gmt":"2025-05-26T06:31:21","guid":{"rendered":"https:\/\/politicosaldesnudo.com.mx\/?p=63719"},"modified":"2025-05-26T00:08:18","modified_gmt":"2025-05-26T06:08:18","slug":"calderon-acorralado","status":"publish","type":"post","link":"https:\/\/politicosaldesnudo.com.mx\/index.php\/2025\/05\/26\/calderon-acorralado\/","title":{"rendered":"Calder\u00f3n acorralado"},"content":{"rendered":"<p><span style=\"font-size: 18pt;\"><strong><span style=\"font-family: arial, helvetica, sans-serif;\">ALMA GRANDE<\/span><\/strong><\/span><\/p>\n<p><span style=\"font-size: 18pt;\"><strong><span style=\"font-family: arial, helvetica, sans-serif;\">Por \u00c1ngel \u00c1lvaro Pe\u00f1a<\/span><\/strong><\/span><\/p>\n<p><span style=\"font-size: 14pt; font-family: arial, helvetica, sans-serif;\">Felipe Calder\u00f3n, vuelve a Espa\u00f1a, luego de intervenir en un foro de ultraderecha organizado por el Grupo de Libertad y Democracia, llevado a cabo en el Ateneo de Madrid, Espa\u00f1a, donde lament\u00f3 que no estuviera en los planes de Trump la intervenci\u00f3n en ning\u00fan pa\u00eds de Am\u00e9rica Latina. Palabras radicales tal y como lo exig\u00eda la ocasi\u00f3n.<\/span><\/p>\n<p><span style=\"font-size: 14pt; font-family: arial, helvetica, sans-serif;\">Intentaba atraer la atenci\u00f3n de los\u00a0mexicanos con declaraciones que eran predecibles en el ex mandatario.<\/span><\/p>\n<p><span style=\"font-size: 14pt; font-family: arial, helvetica, sans-serif;\">Pero\u00a0su pasado es\u00a0mucho m\u00e1s\u00a0que un mont\u00f3n de palabras,\u00a0son los\u00a0hechos consumados que lo condenan.<\/span><\/p>\n<p><span style=\"font-size: 14pt; font-family: arial, helvetica, sans-serif;\">Cuando trat\u00f3 de convertirse en el l\u00edder de la ultraderecha mexicana, y recatar del lodo su liderazgo, llegaron las palabras de la Presidenta que lo coloc\u00f3 en el verdadero lugar que tiene en la historia.<\/span><\/p>\n<p><span style=\"font-size: 14pt; font-family: arial, helvetica, sans-serif;\">Si Calder\u00f3n pensaba que era tradici\u00f3n la intervenci\u00f3n extranjera, incluso la invasi\u00f3n de Estados Unidos a Latinoam\u00e9rica, es que durante su periodo de gobierno el vecino pa\u00eds ten\u00eda las puertas abiertas.<\/span><\/p>\n<p><span style=\"font-size: 14pt; font-family: arial, helvetica, sans-serif;\">Durante\u00a0su sexenio no s\u00f3lo duplic\u00f3 el n\u00famero de muertes violentas, desactiv\u00f3 el empleo y devalu\u00f3 la moneda 7 por ciento, sino que dej\u00f3 en total libertad a Estados Unidos de actuar en territorio nacional. Una de las decisiones m\u00e1s graves fue dar luz verde a todas las acciones de su secretario de seguridad Genaro Garc\u00eda Luna, quien ese mismo d\u00eda fue sentenciado a regresar al gobierno de M\u00e9xico,\u00a0dos mil 488 millones de d\u00f3lares, entre \u00e9l y su esposa, quien es\u00a0un personaje peligroso por s\u00ed mismo, ya que se trata de una persona\u00a0entrenada en las\u00a0filas\u00a0de la polic\u00eda y no puede llam\u00e1rsele una inocente esposa de un funcionario \u00fanicamente, la\u00a0suma es\u00a0el triple de lo exigido en las denuncias penales\u00a0que interpuso el gobierno mexicano,\u00a0ambos\u00a0saquearon las\u00a0arcas\u00a0del gobierno de M\u00e9xico en una red de sobornos en licitaciones p\u00fablicas, independientemente de las\u00a0acusaciones\u00a0que pueda tener en el proceso que le dict\u00f3 cadena perpetua.<\/span><\/p>\n<p><span style=\"font-size: 14pt; font-family: arial, helvetica, sans-serif;\">La ley de Florida\u00a0sanciona con el triple de la cantidad desviada a un gobierno por parte de los\u00a0delincuentes de cuello blanco demandado por cualquier gobierno.<\/span><\/p>\n<p><span style=\"font-size: 14pt; font-family: arial, helvetica, sans-serif;\">Tanto dinero no pudo pasar inadvertido por\u00a0su jefe Felipe Calder\u00f3n, tampoco podemos\u00a0pensar que ese dinero no hizo una escala t\u00e9cnica en los\u00a0bolsillos del entonces presidente.<\/span><\/p>\n<p><span style=\"font-size: 14pt; font-family: arial, helvetica, sans-serif;\">Por\u00a0su parte, la UIF detall\u00f3 que la sentencia fue dictada por la jueza Lisa Walsh, de la corte del condado de Miami, en Florida, luego de que el gobierno mexicano interpusiera una demanda contra el ex funcionario, quien est\u00e1 preso en Estados Unidos tras ser condenado por tr\u00e1fico de droga, lavado de dinero, conspiraci\u00f3n y enriquecimiento il\u00edcito.<\/span><\/p>\n<p><span style=\"font-size: 14pt; font-family: arial, helvetica, sans-serif;\">Calder\u00f3n ha adoptado la estrategia de enfrentamiento directo con el gobierno de Andr\u00e9s Manuel L\u00f3pez Obrador y ahora con Claudia\u00a0Shienbaum como coartada para que a la hora que quieran fincarle responsabilidades penales\u00a0pueda argumentar que se trata de una persecuci\u00f3n pol\u00edtica debido a la cr\u00edtica permanente que ha hecho de ambos gobiernos.<\/span><\/p>\n<p><span style=\"font-size: 14pt; font-family: arial, helvetica, sans-serif;\">La defraudaci\u00f3n millonaria\u00a0sucedi\u00f3\u00a0durante los sexenios de Calder\u00f3n y de Enrique Pe\u00f1a Nieto, \u00a0asegur\u00f3 Pablo G\u00f3mez, titular de la Unidad de Inteligencia Financiera.<\/span><\/p>\n<p><span style=\"font-size: 14pt; font-family: arial, helvetica, sans-serif;\">Pablo G\u00f3mez se\u00f1al\u00f3 que el asunto, \u201cno terminar\u00e1 aqu\u00ed. Pr\u00f3ximamente vendr\u00e1 otra sentencia de la misma juez, Lisa Walsh, contra las empresas que se encargaron de las operaciones para llevar el dinero a un banco de Barbados, donde hay \u201cbancos lavadores de dinero\u201d.<\/span><\/p>\n<p><span style=\"font-size: 14pt; font-family: arial, helvetica, sans-serif;\">Se\u00f1al\u00f3 que en M\u00e9xico tambi\u00e9n hay proceso penal contra el matrimonio. \u201cParte de ese dinero fue a dar a campa\u00f1as pol\u00edticas y lo vamos a demostrar. Hay gente en la c\u00e1rcel, hay muchas \u00f3rdenes de aprehensi\u00f3n\u201d. Dijo que el fiscal general de la Rep\u00fablica \u201cha puesto todo su empe\u00f1o\u201d en este caso.<\/span><\/p>\n<p><span style=\"font-size: 14pt; font-family: arial, helvetica, sans-serif;\">Calder\u00f3n\u00a0se convirti\u00f3 en el peor presidente que haya tenido M\u00e9xico desde el inicio de\u00a0su participaci\u00f3n pol\u00edtica, lleg\u00f3 a la Presidencia mediante un fraude electoral, por lo que fue un mandatario espurio que para legitimarse declar\u00f3 una guerra al narcotr\u00e1fico en el arranque de su gobierno, desatando la violencia en el pa\u00eds. Dijo que\u00a0ser\u00eda el presidente del empleo y termin\u00f3 declar\u00e1ndole la guerra al narcotr\u00e1fico vestido de militar y con\u00a0su hombre de confianza metido hasta el cuello en el crimen organizado.<\/span><\/p>\n<p><span style=\"font-size: 14pt; font-family: arial, helvetica, sans-serif;\">La cr\u00edtica de Calder\u00f3n a la reforma al Poder Judicial no s\u00f3lo forma parte de su discurso de cuestionamientos\u00a0sino por los negocios que todav\u00eda tienen vivos, tanto Felipe Calder\u00f3n y Garc\u00eda Luna, en empresas de\u00a0seguridad privadas\u00a0y dispositivos contra la delincuencia.<\/span><\/p>\n<p><span style=\"font-size: 14pt; font-family: arial, helvetica, sans-serif;\">La red de empresas de estos socios, amigos, c\u00f3mplices, ha invadido hasta el sexenio anterior y el actual, a trav\u00e9s\u00a0de instancias\u00a0p\u00fablicas\u00a0de protecci\u00f3n como el propio Mecanismo de Protecci\u00f3n para Personas Defensoras de Derechos Humanos y Periodistas, que dependen de\u00a0Segob y maneja Tobyanne Ledesma Rivera, y\u00a0a trav\u00e9s de su filial, el Servicio de Protecci\u00f3n Federal organismo desconcentrado de la Secretar\u00eda de Seguridad y Protecci\u00f3n Ciudadana, sostiene contrato con empresas que pertenecen a Garc\u00eda Luna.<\/span><\/p>\n<p><span style=\"font-size: 14pt; font-family: arial, helvetica, sans-serif;\">La defraudaci\u00f3n se realiz\u00f3 en dos sexenios, Calder\u00f3n y Pe\u00f1a Nieto, debemos tomar en cuenta que dicho Mecanismo surge el 25 de junio de 2012, cuando todav\u00eda era presidente Felipe Calder\u00f3n, porque Pe\u00f1a Nieto tom\u00f3 posesi\u00f3n el 1 de diciembre de ese a\u00f1o, luego de las elecciones del 1 de julio. Una herencia que debe revisarse, auditarse e investigarse a partir del primer d\u00eda de sus actividades.<\/span><\/p>\n<p><span style=\"font-size: 14pt; font-family: arial, helvetica, sans-serif;\">Es una dependencia decorativa que ha servido para colocar en la l\u00ednea de fuego a los comunicadores, no previene asesinatos, es s\u00f3lo reactiva ante su responsabilidad que debe ser preventiva, y act\u00faa luego de que periodistas han sido ultimados.<\/span><\/p>\n<p><span style=\"font-size: 14pt; font-family: arial, helvetica, sans-serif;\">PEGA Y CORRE.- A pesar de estar la mesa de di\u00e1logo permanentemente abierta de parte de Segob y la Secretar\u00eda de Educaci\u00f3n, los l\u00edderes de la CNTE prefirieron seguir protestando en las calles, cerrando avenidas y bloqueando carreteras\u2026Esta columna se publica los lunes, mi\u00e9rcoles y viernes.<\/span><\/p>\n<p><img data-recalc-dims=\"1\" loading=\"lazy\" decoding=\"async\" class=\"aligncenter size-full wp-image-63698\" src=\"https:\/\/i0.wp.com\/politicosaldesnudo.com.mx\/wp-content\/uploads\/2025\/05\/FIRMA-EDITORIAL-PD-9.jpg?resize=800%2C98&#038;ssl=1\" alt=\"\" width=\"800\" height=\"98\" srcset=\"https:\/\/i0.wp.com\/politicosaldesnudo.com.mx\/wp-content\/uploads\/2025\/05\/FIRMA-EDITORIAL-PD-9.jpg?w=1024&amp;ssl=1 1024w, https:\/\/i0.wp.com\/politicosaldesnudo.com.mx\/wp-content\/uploads\/2025\/05\/FIRMA-EDITORIAL-PD-9.jpg?resize=300%2C37&amp;ssl=1 300w, https:\/\/i0.wp.com\/politicosaldesnudo.com.mx\/wp-content\/uploads\/2025\/05\/FIRMA-EDITORIAL-PD-9.jpg?resize=768%2C94&amp;ssl=1 768w\" sizes=\"auto, (max-width: 800px) 100vw, 800px\" \/><\/p>\n","protected":false},"excerpt":{"rendered":"<p>ALMA GRANDE Por \u00c1ngel \u00c1lvaro Pe\u00f1a Felipe Calder\u00f3n, vuelve a Espa\u00f1a, luego de intervenir en un foro de ultraderecha organizado<\/p>\n","protected":false},"author":4,"featured_media":63548,"comment_status":"closed","ping_status":"closed","sticky":false,"template":"","format":"standard","meta":{"colormag_page_container_layout":"default_layout","colormag_page_sidebar_layout":"default_layout","_jetpack_memberships_contains_paid_content":false,"footnotes":"","jetpack_publicize_message":"","jetpack_publicize_feature_enabled":true,"jetpack_social_post_already_shared":false,"jetpack_social_options":{"image_generator_settings":{"template":"highway","default_image_id":0,"font":"","enabled":false},"version":2}},"categories":[26],"tags":[],"class_list":["post-63719","post","type-post","status-publish","format-standard","has-post-thumbnail","hentry","category-columnistas"],"jetpack_publicize_connections":[],"jetpack_featured_media_url":"https:\/\/i0.wp.com\/politicosaldesnudo.com.mx\/wp-content\/uploads\/2025\/05\/BANNER-LOPEZ-DORIGA-DIGITAL-5.jpg?fit=800%2C445&ssl=1","jetpack-related-posts":[],"jetpack_sharing_enabled":true,"_links":{"self":[{"href":"https:\/\/politicosaldesnudo.com.mx\/index.php\/wp-json\/wp\/v2\/posts\/63719","targetHints":{"allow":["GET"]}}],"collection":[{"href":"https:\/\/politicosaldesnudo.com.mx\/index.php\/wp-json\/wp\/v2\/posts"}],"about":[{"href":"https:\/\/politicosaldesnudo.com.mx\/index.php\/wp-json\/wp\/v2\/types\/post"}],"author":[{"embeddable":true,"href":"https:\/\/politicosaldesnudo.com.mx\/index.php\/wp-json\/wp\/v2\/users\/4"}],"replies":[{"embeddable":true,"href":"https:\/\/politicosaldesnudo.com.mx\/index.php\/wp-json\/wp\/v2\/comments?post=63719"}],"version-history":[{"count":0,"href":"https:\/\/politicosaldesnudo.com.mx\/index.php\/wp-json\/wp\/v2\/posts\/63719\/revisions"}],"wp:featuredmedia":[{"embeddable":true,"href":"https:\/\/politicosaldesnudo.com.mx\/index.php\/wp-json\/wp\/v2\/media\/63548"}],"wp:attachment":[{"href":"https:\/\/politicosaldesnudo.com.mx\/index.php\/wp-json\/wp\/v2\/media?parent=63719"}],"wp:term":[{"taxonomy":"category","embeddable":true,"href":"https:\/\/politicosaldesnudo.com.mx\/index.php\/wp-json\/wp\/v2\/categories?post=63719"},{"taxonomy":"post_tag","embeddable":true,"href":"https:\/\/politicosaldesnudo.com.mx\/index.php\/wp-json\/wp\/v2\/tags?post=63719"}],"curies":[{"name":"wp","href":"https:\/\/api.w.org\/{rel}","templated":true}]}}