{"id":63843,"date":"2025-05-28T00:17:57","date_gmt":"2025-05-28T06:17:57","guid":{"rendered":"https:\/\/politicosaldesnudo.com.mx\/?p=63843"},"modified":"2025-05-27T21:26:26","modified_gmt":"2025-05-28T03:26:26","slug":"administracion-de-trump-urge-a-nina-mexicana-en-tratamiento-a-salir-de-eu","status":"publish","type":"post","link":"https:\/\/politicosaldesnudo.com.mx\/index.php\/2025\/05\/28\/administracion-de-trump-urge-a-nina-mexicana-en-tratamiento-a-salir-de-eu\/","title":{"rendered":"Administraci\u00f3n de Trump urge a ni\u00f1a mexicana en tratamiento a salir de EU"},"content":{"rendered":"<p class=\"nota-justify\">La administraci\u00f3n de Donald Trump orden\u00f3 ayer que una ni\u00f1a mexicana que padece del s\u00edndrome del intestino corto, y que podr\u00eda morir en cuesti\u00f3n de d\u00edas si se interrumpe su tratamiento, abandone Estados Unidos. El presidente tambi\u00e9n solicit\u00f3 a la Suprema Corte que revoque una orden judicial que permite a los migrantes impugnar sus \u201cdeportaciones\u201d a Sud\u00e1n del Sur.<\/p>\n<p class=\"nota-justify\">Seg\u00fan su familia, que actualmente vive en Bakersfield, California, la menor de 4 a\u00f1os llamada Sof\u00eda necesita \u201curgentemente\u201d atenci\u00f3n m\u00e9dica especializada, por lo que recibi\u00f3 un permiso humanitario temporal en 2023 para ingresar a Estados Unidos, inform\u00f3 el diario Los Angeles Times en su portal.<\/p>\n<p class=\"nota-justify\">El s\u00edndrome del intestino corto es una afecci\u00f3n poco com\u00fan que impide la absorci\u00f3n de los nutrientes de los alimentos. Cuando naci\u00f3 en Playa del Carmen, M\u00e9xico, Sof\u00eda permaneci\u00f3 conectada a sondas de alimentaci\u00f3n las 24 horas del d\u00eda. Desde que se mud\u00f3 a Estados Unidos, su condici\u00f3n mejor\u00f3 significativamente pero a\u00fan requiere tratamiento diario, seg\u00fan informaci\u00f3n de la plataforma en l\u00ednea de recaudaci\u00f3n de fondos GoFundMe.<\/p>\n<p class=\"nota-justify\">La abogada que representa a la familia asever\u00f3 al medio que su \u201cdeportaci\u00f3n\u201d ser\u00eda un \u201csacrificio cruel y sin sentido\u201d que la coloca en \u201cun alto riesgo de morir\u201d, mientras el m\u00e9dico de la ni\u00f1a, el doctor John Arsenault del Hospital Infantil de Los \u00c1ngeles, donde recib\u00eda tratamiento cada seis semanas, tambi\u00e9n conden\u00f3 los hechos.<\/p>\n<p class=\"nota-justify\">Mientras, Trump pidi\u00f3 a la Corte Suprema que facilite el env\u00edo de migrantes a Sud\u00e1n del Sur y otros terceros pa\u00edses en el marco de su ofensiva contra los indocumentados, tras afirmar que se encuentra ante la intolerable disyuntiva de retener a dichos extranjeros para procedimientos adicionales en una instalaci\u00f3n militar \u201cfuera de su territorio\u201d o \u201cdevolver a estos delincuentes convictos\u201d a Estados Unidos.<\/p>\n<p class=\"nota-justify\">El juez de Boston, Brian Murphy, determin\u00f3 que la Casa Blanca viol\u00f3 una orden judicial al enviar a \u00c1frica en un vuelo a personas de otros pa\u00edses que recibieron condenas por delitos en Estados Unidos.<\/p>\n<p class=\"nota-justify\">El magistrado asegur\u00f3 que el magnate est\u00e1 \u201cfabricando caos\u201d con su orden e indic\u00f3 que espera que la raz\u00f3n prevalezca sobre la ret\u00f3rica. A\u00f1adi\u00f3 que los migrantes \u201cdeben tener una oportunidad real de ser escuchados si temen que ser expulsados los puede poner en peligro\u201d.<\/p>\n<p class=\"nota-justify\">El gobierno argument\u00f3, en una apelaci\u00f3n de emergencia, que el juez ha retrasado sus planes para llevar a cabo \u201cdeportaciones\u201d de indocumentados que no pueden ser devueltos a sus pa\u00edses de origen.<\/p>\n<p class=\"nota-justify\">\u201dEstados Unidos se enfrenta a una crisis migratoria en gran parte porque muchos de los extranjeros que merecen estar fuera del pa\u00eds a menudo son los m\u00e1s dif\u00edciles de expulsar\u201d, declar\u00f3 el Departamento de Justicia al alto tribunal, report\u00f3 la televisi\u00f3n estadunidense CNN.<\/p>\n<p class=\"nota-justify\">Al respecto, el procurador general D. John Sauer expres\u00f3 que \u201cencontrar pa\u00edses dispuestos a aceptarlos es una empresa diplom\u00e1tica delicada que se ve perjudicada por los requisitos judiciales\u201d.<\/p>\n<p class=\"nota-justify\">En tanto, en el marco de la celebraci\u00f3n del 101 Aniversario de la Patrulla Fronteriza, Trump reiter\u00f3 que durante sus primeros cien d\u00edas en el cargo los encuentros fronterizos diarios disminuyeron 95 por ciento y el tr\u00e1fico de fentanilo 54 por ciento, en comparaci\u00f3n con marzo de 2024.<\/p>\n<p class=\"nota-justify\">Agreg\u00f3 que su administraci\u00f3n ha \u201cdeportado\u201d a m\u00e1s de 135 mil indocumentados, en momentos en que 90 migrantes enviados desde Estados Unidos llegaron a Venezuela en un vuelo procedente de Honduras, en el marco del plan Vuelta a la Patria, inform\u00f3 el Ministerio de Relaciones Interiores, Justifica y Paz de Caracas.<\/p>\n","protected":false},"excerpt":{"rendered":"<p>La administraci\u00f3n de Donald Trump orden\u00f3 ayer que una ni\u00f1a mexicana que padece del s\u00edndrome del intestino corto, y que<\/p>\n","protected":false},"author":4,"featured_media":63844,"comment_status":"closed","ping_status":"closed","sticky":false,"template":"","format":"standard","meta":{"colormag_page_container_layout":"default_layout","colormag_page_sidebar_layout":"default_layout","_jetpack_memberships_contains_paid_content":false,"footnotes":"","jetpack_publicize_message":"","jetpack_publicize_feature_enabled":true,"jetpack_social_post_already_shared":false,"jetpack_social_options":{"image_generator_settings":{"template":"highway","default_image_id":0,"font":"","enabled":false},"version":2}},"categories":[28],"tags":[],"class_list":["post-63843","post","type-post","status-publish","format-standard","has-post-thumbnail","hentry","category-internacional"],"jetpack_publicize_connections":[],"jetpack_featured_media_url":"https:\/\/i0.wp.com\/politicosaldesnudo.com.mx\/wp-content\/uploads\/2025\/05\/NIN.jpg?fit=691%2C451&ssl=1","jetpack-related-posts":[],"jetpack_sharing_enabled":true,"_links":{"self":[{"href":"https:\/\/politicosaldesnudo.com.mx\/index.php\/wp-json\/wp\/v2\/posts\/63843","targetHints":{"allow":["GET"]}}],"collection":[{"href":"https:\/\/politicosaldesnudo.com.mx\/index.php\/wp-json\/wp\/v2\/posts"}],"about":[{"href":"https:\/\/politicosaldesnudo.com.mx\/index.php\/wp-json\/wp\/v2\/types\/post"}],"author":[{"embeddable":true,"href":"https:\/\/politicosaldesnudo.com.mx\/index.php\/wp-json\/wp\/v2\/users\/4"}],"replies":[{"embeddable":true,"href":"https:\/\/politicosaldesnudo.com.mx\/index.php\/wp-json\/wp\/v2\/comments?post=63843"}],"version-history":[{"count":0,"href":"https:\/\/politicosaldesnudo.com.mx\/index.php\/wp-json\/wp\/v2\/posts\/63843\/revisions"}],"wp:featuredmedia":[{"embeddable":true,"href":"https:\/\/politicosaldesnudo.com.mx\/index.php\/wp-json\/wp\/v2\/media\/63844"}],"wp:attachment":[{"href":"https:\/\/politicosaldesnudo.com.mx\/index.php\/wp-json\/wp\/v2\/media?parent=63843"}],"wp:term":[{"taxonomy":"category","embeddable":true,"href":"https:\/\/politicosaldesnudo.com.mx\/index.php\/wp-json\/wp\/v2\/categories?post=63843"},{"taxonomy":"post_tag","embeddable":true,"href":"https:\/\/politicosaldesnudo.com.mx\/index.php\/wp-json\/wp\/v2\/tags?post=63843"}],"curies":[{"name":"wp","href":"https:\/\/api.w.org\/{rel}","templated":true}]}}