{"id":63846,"date":"2025-05-28T00:18:59","date_gmt":"2025-05-28T06:18:59","guid":{"rendered":"https:\/\/politicosaldesnudo.com.mx\/?p=63846"},"modified":"2025-05-27T22:12:13","modified_gmt":"2025-05-28T04:12:13","slug":"argentina-y-eu-impulsaran-sistema-sanitario-alternativo-sin-la-oms","status":"publish","type":"post","link":"https:\/\/politicosaldesnudo.com.mx\/index.php\/2025\/05\/28\/argentina-y-eu-impulsaran-sistema-sanitario-alternativo-sin-la-oms\/","title":{"rendered":"Argentina y EU impulsar\u00e1n sistema sanitario \u00abalternativo\u00bb sin la OMS"},"content":{"rendered":"<p class=\"nota-justify\">Argentina y Estados Unidos acordaron trabajar en la creaci\u00f3n de un sistema de salud internacional \u201calternativo\u201d luego de la salida de ambos pa\u00edses de la Organizaci\u00f3n Mundial de la Salud (OMS).<\/p>\n<p class=\"nota-justify\">La propuesta fue analizada por el presidente ultraderechista Javier Milei y el secretario de Salud estadunidense, Robert F. Kennedy Jr, quien est\u00e1 de visita en Buenos Aires, en un encuentro que mantuvieron este martes en la Casa de Gobierno.<\/p>\n<p class=\"nota-justify\">\u201cTuve una maravillosa reuni\u00f3n con el presidente argentino sobre el retiro mutuo de nuestras naciones de la OMS y la creaci\u00f3n de un sistema de salud internacional alternativo basado en la ciencia de referencia y libre de impulsos totalitarios, corrupci\u00f3n y control pol\u00edtico\u201d, expres\u00f3 Kennedy Jr. en la red social X.<\/p>\n<p class=\"nota-justify\">Los gobiernos de ambas naciones mostraron en reiteradas ocasiones un alineamiento pol\u00edtico e ideol\u00f3gico similar en temas internacionales pol\u00e9micos desde la posici\u00f3n ante la migraci\u00f3n hasta los conflictos b\u00e9licos.<\/p>\n<p class=\"nota-justify\">La oficina de la Presidencia de Argentina difundi\u00f3 un video del encuentro sin audio, en el que Milei y Kennedy Jr. posan con una motosierra, el s\u00edmbolo de la pol\u00edtica de ajuste sobre el Estado que lleva adelante el mandatario sudamericano.<\/p>\n<p class=\"nota-justify\">Argentina anunci\u00f3 en febrero que abandonaba la OMS, justo pocos d\u00edas despu\u00e9s de que el presidente Donald Trump tomar\u00e1 la misma decisi\u00f3n en el inicio de su segundo mandato. Milei argument\u00f3 en su momento que la salida del organismo obedec\u00eda a las profundas diferencias en la gesti\u00f3n sanitaria, especialmente durante la pandemia del COVID-19 y las cuarentenas.<\/p>\n<p class=\"nota-justify\">El gobierno argentino ratific\u00f3 su decisi\u00f3n de abandonar la OMS el pasado lunes \u201cHoy la evidencia indica que las recetas de la OMS no funcionan, porque no est\u00e1n basadas en ciencia, sino en intereses pol\u00edticos y estructuras burocr\u00e1ticas que se resisten a revisar sus propios errores\u201d, expres\u00f3 la cartera de Salud en un comunicado. \u201cLejos de corregir el rumbo, la OMS ha optado por ampliar competencias que no le corresponden y condicionar la soberan\u00eda sanitaria de los pa\u00edses\u201d.<\/p>\n","protected":false},"excerpt":{"rendered":"<p>Argentina y Estados Unidos acordaron trabajar en la creaci\u00f3n de un sistema de salud internacional \u201calternativo\u201d luego de la salida<\/p>\n","protected":false},"author":4,"featured_media":63847,"comment_status":"closed","ping_status":"closed","sticky":false,"template":"","format":"standard","meta":{"colormag_page_container_layout":"default_layout","colormag_page_sidebar_layout":"default_layout","_jetpack_memberships_contains_paid_content":false,"footnotes":"","jetpack_publicize_message":"","jetpack_publicize_feature_enabled":true,"jetpack_social_post_already_shared":false,"jetpack_social_options":{"image_generator_settings":{"template":"highway","default_image_id":0,"font":"","enabled":false},"version":2}},"categories":[28],"tags":[],"class_list":["post-63846","post","type-post","status-publish","format-standard","has-post-thumbnail","hentry","category-internacional"],"jetpack_publicize_connections":[],"jetpack_featured_media_url":"https:\/\/i0.wp.com\/politicosaldesnudo.com.mx\/wp-content\/uploads\/2025\/05\/ESTUPID.jpg?fit=770%2C502&ssl=1","jetpack-related-posts":[],"jetpack_sharing_enabled":true,"_links":{"self":[{"href":"https:\/\/politicosaldesnudo.com.mx\/index.php\/wp-json\/wp\/v2\/posts\/63846","targetHints":{"allow":["GET"]}}],"collection":[{"href":"https:\/\/politicosaldesnudo.com.mx\/index.php\/wp-json\/wp\/v2\/posts"}],"about":[{"href":"https:\/\/politicosaldesnudo.com.mx\/index.php\/wp-json\/wp\/v2\/types\/post"}],"author":[{"embeddable":true,"href":"https:\/\/politicosaldesnudo.com.mx\/index.php\/wp-json\/wp\/v2\/users\/4"}],"replies":[{"embeddable":true,"href":"https:\/\/politicosaldesnudo.com.mx\/index.php\/wp-json\/wp\/v2\/comments?post=63846"}],"version-history":[{"count":0,"href":"https:\/\/politicosaldesnudo.com.mx\/index.php\/wp-json\/wp\/v2\/posts\/63846\/revisions"}],"wp:featuredmedia":[{"embeddable":true,"href":"https:\/\/politicosaldesnudo.com.mx\/index.php\/wp-json\/wp\/v2\/media\/63847"}],"wp:attachment":[{"href":"https:\/\/politicosaldesnudo.com.mx\/index.php\/wp-json\/wp\/v2\/media?parent=63846"}],"wp:term":[{"taxonomy":"category","embeddable":true,"href":"https:\/\/politicosaldesnudo.com.mx\/index.php\/wp-json\/wp\/v2\/categories?post=63846"},{"taxonomy":"post_tag","embeddable":true,"href":"https:\/\/politicosaldesnudo.com.mx\/index.php\/wp-json\/wp\/v2\/tags?post=63846"}],"curies":[{"name":"wp","href":"https:\/\/api.w.org\/{rel}","templated":true}]}}