{"id":63849,"date":"2025-05-28T00:19:57","date_gmt":"2025-05-28T06:19:57","guid":{"rendered":"https:\/\/politicosaldesnudo.com.mx\/?p=63849"},"modified":"2025-05-27T22:14:08","modified_gmt":"2025-05-28T04:14:08","slug":"aprueban-proyecto-de-ley-de-suicidio-asistido-en-francia","status":"publish","type":"post","link":"https:\/\/politicosaldesnudo.com.mx\/index.php\/2025\/05\/28\/aprueban-proyecto-de-ley-de-suicidio-asistido-en-francia\/","title":{"rendered":"Aprueban proyecto de ley de suicidio asistido en Francia"},"content":{"rendered":"<p>La C\u00e1mara Baja francesa aprob\u00f3 el martes en primera lectura un proyecto de ley para regular la ayuda a morir, el paso inicial de un largo proceso para permitir el suicidio asistido bajo estrictas condiciones.<\/p>\n<p>Un total de 305 diputados aprobaron la propuesta legislativa, que cuenta con el respaldo del presidente Emmanuel Macron pero impugnan algunos grupos conservadores, mientras que 199 diputados votaron en contra.<\/p>\n<p>\u00abRespetando las sensibilidades, las dudas y las esperanzas, se abre poco a poco el camino de la fraternidad que yo anhelaba\u00bb, escribi\u00f3 Macron en X.<\/p>\n<p>El dirigente franc\u00e9s ha insistido en que toda autorizaci\u00f3n para elegir morir debe limitarse a las personas con enfermedades incurables y dolores f\u00edsicos o psicol\u00f3gicos intensos.<\/p>\n<p>La votaci\u00f3n en la Asamblea Nacional constituy\u00f3 una etapa inicial para el proyecto de ley, que deber\u00e1 pasar varias veces por la C\u00e1mara Baja y el Senado para introducir modificaciones.<\/p>\n<p>Macron tambi\u00e9n afirm\u00f3 que podr\u00eda someter a refer\u00e9ndum este tema tan controvertido.<\/p>\n<p>De aprobarse la ley, Francia se unir\u00eda a un peque\u00f1o grupo de pa\u00edses europeos que cuentan con legislaci\u00f3n sobre el derecho a la ayuda para morir, entre ellos Alemania, Espa\u00f1a, Austria y Suiza.<\/p>\n<p>Todas las formaciones parlamentarias han permitido a sus miembros votar de acuerdo con sus convicciones personales, al margen de las limitaciones partidistas.<\/p>\n<p>Se esperaba que los partidos de izquierdas y de centro votaran a favor del proyecto, a diferencia de los conservadores y los diputados de extrema derecha, que se oponen generalmente al mismo.<\/p>\n<p>El gobierno evita hablar de eutanasia o suicidio asistido, empleando expresiones como \u00abayuda a morir\u00bb para referirse a la ley.<\/p>\n","protected":false},"excerpt":{"rendered":"<p>La C\u00e1mara Baja francesa aprob\u00f3 el martes en primera lectura un proyecto de ley para regular la ayuda a morir,<\/p>\n","protected":false},"author":4,"featured_media":63850,"comment_status":"closed","ping_status":"closed","sticky":false,"template":"","format":"standard","meta":{"colormag_page_container_layout":"default_layout","colormag_page_sidebar_layout":"default_layout","_jetpack_memberships_contains_paid_content":false,"footnotes":"","jetpack_publicize_message":"","jetpack_publicize_feature_enabled":true,"jetpack_social_post_already_shared":false,"jetpack_social_options":{"image_generator_settings":{"template":"highway","default_image_id":0,"font":"","enabled":false},"version":2}},"categories":[28],"tags":[],"class_list":["post-63849","post","type-post","status-publish","format-standard","has-post-thumbnail","hentry","category-internacional"],"jetpack_publicize_connections":[],"jetpack_featured_media_url":"https:\/\/i0.wp.com\/politicosaldesnudo.com.mx\/wp-content\/uploads\/2025\/05\/SUIC.jpg?fit=754%2C473&ssl=1","jetpack-related-posts":[],"jetpack_sharing_enabled":true,"_links":{"self":[{"href":"https:\/\/politicosaldesnudo.com.mx\/index.php\/wp-json\/wp\/v2\/posts\/63849","targetHints":{"allow":["GET"]}}],"collection":[{"href":"https:\/\/politicosaldesnudo.com.mx\/index.php\/wp-json\/wp\/v2\/posts"}],"about":[{"href":"https:\/\/politicosaldesnudo.com.mx\/index.php\/wp-json\/wp\/v2\/types\/post"}],"author":[{"embeddable":true,"href":"https:\/\/politicosaldesnudo.com.mx\/index.php\/wp-json\/wp\/v2\/users\/4"}],"replies":[{"embeddable":true,"href":"https:\/\/politicosaldesnudo.com.mx\/index.php\/wp-json\/wp\/v2\/comments?post=63849"}],"version-history":[{"count":0,"href":"https:\/\/politicosaldesnudo.com.mx\/index.php\/wp-json\/wp\/v2\/posts\/63849\/revisions"}],"wp:featuredmedia":[{"embeddable":true,"href":"https:\/\/politicosaldesnudo.com.mx\/index.php\/wp-json\/wp\/v2\/media\/63850"}],"wp:attachment":[{"href":"https:\/\/politicosaldesnudo.com.mx\/index.php\/wp-json\/wp\/v2\/media?parent=63849"}],"wp:term":[{"taxonomy":"category","embeddable":true,"href":"https:\/\/politicosaldesnudo.com.mx\/index.php\/wp-json\/wp\/v2\/categories?post=63849"},{"taxonomy":"post_tag","embeddable":true,"href":"https:\/\/politicosaldesnudo.com.mx\/index.php\/wp-json\/wp\/v2\/tags?post=63849"}],"curies":[{"name":"wp","href":"https:\/\/api.w.org\/{rel}","templated":true}]}}